{"id":353,"date":"2026-02-24T17:06:56","date_gmt":"2026-02-24T16:06:56","guid":{"rendered":"https:\/\/lagatacongafas.com\/mentesentrelineas\/?p=353"},"modified":"2026-03-10T13:53:05","modified_gmt":"2026-03-10T12:53:05","slug":"odio","status":"publish","type":"post","link":"https:\/\/lagatacongafas.com\/mentesentrelineas\/2026\/02\/24\/odio\/","title":{"rendered":"Odio"},"content":{"rendered":"\n<h2 class=\"wp-block-heading\" id=\"h-odio-rencor-animadversion-resentimiento-hostilidad-aversion-profunda-desprecio-inquina-enemistad-repulsion-moral-deseo-de-dano-memoria-del-agravio-rechazo-radical\">Odio, rencor, animadversi\u00f3n, resentimiento, hostilidad, aversi\u00f3n profunda, desprecio, inquina, enemistad, repulsi\u00f3n moral, deseo de da\u00f1o, memoria del agravio, rechazo radical.<\/h2>\n\n\n\n<p><\/p>\n\n\n\n<h2 class=\"wp-block-heading\" id=\"h-odio-cuando-el-dolor-decide-no-perdonar\">Odio: cuando el dolor decide no perdonar<\/h2>\n\n\n\n<p>El odio no es una explosi\u00f3n. Es una sedimentaci\u00f3n. No nace del impulso inmediato, sino de la repetici\u00f3n interna de una herida que no encontr\u00f3 reparaci\u00f3n. A diferencia de la ira \u2014que arde y se consume\u2014 el odio enfr\u00eda. Se vuelve estructura.<\/p>\n\n\n\n<p>Es una emoci\u00f3n inc\u00f3moda porque no siempre se reconoce como tal. Suele justificarse como dignidad, como memoria, como justicia pendiente. El personaje que odia rara vez se percibe a s\u00ed mismo como dominado por esa emoci\u00f3n; se siente coherente, fiel a su historia, incluso moralmente leg\u00edtimo.<\/p>\n\n\n\n<p>Para la escritura, el odio es una fuerza narrativa de alt\u00edsima precisi\u00f3n. No necesita gritos: opera en silencio, reorganiza decisiones, altera v\u00ednculos, prolonga conflictos. Un personaje que odia no act\u00faa por impulso; act\u00faa por convicci\u00f3n emocional.<\/p>\n\n\n\n<p>Y eso lo vuelve especialmente peligroso.<\/p>\n\n\n\n<h2 class=\"wp-block-heading\" id=\"h-el-cuerpo-en-tension-fria-el-odio-encarnado\">El cuerpo en tensi\u00f3n fr\u00eda: el odio encarnado<\/h2>\n\n\n\n<p>El odio no siempre grita. A menudo se manifiesta como contenci\u00f3n.<\/p>\n\n\n\n<p>Mand\u00edbula r\u00edgida.<br>Mirada fija, sin parpadeo.<br>Respiraci\u00f3n contenida.<br>Espalda erguida, como si el cuerpo se negara a ceder.<\/p>\n\n\n\n<p>El personaje dominado por el odio no descarga: acumula. La energ\u00eda no explota hacia afuera, sino que se compacta. Hay una vigilancia constante del entorno, una interpretaci\u00f3n sesgada de cada gesto del otro.<\/p>\n\n\n\n<p>El cuerpo del odio no busca placer. Busca resistencia.<\/p>\n\n\n\n<p>Incluso el silencio adquiere densidad. No es ausencia de emoci\u00f3n, es espera. El odio sabe aguardar.<\/p>\n\n\n\n<h2 class=\"wp-block-heading\" id=\"h-la-mente-del-odio-narrativa-del-agravio\">La mente del odio: narrativa del agravio<\/h2>\n\n\n\n<p>El odio necesita relato. Se alimenta de una historia que se repite una y otra vez con ligeras variaciones, siempre confirmando la injusticia original.<\/p>\n\n\n\n<p>El personaje odioso reconstruye el pasado con una claridad selectiva. Recuerda el gesto, la frase, la traici\u00f3n. Omite los matices. El agravio se convierte en n\u00facleo identitario.<\/p>\n\n\n\n<p>Comparte rasgos con el resentimiento, pero va m\u00e1s all\u00e1: el resentimiento desea reparaci\u00f3n; el odio desea anulaci\u00f3n.<\/p>\n\n\n\n<p>La mente empieza a organizar el mundo en t\u00e9rminos binarios:<\/p>\n\n\n\n<p>yo \/ el enemigo<br>v\u00edctima \/ culpable<br>justicia \/ castigo<\/p>\n\n\n\n<p>En ese esquema, la ambig\u00fcedad resulta intolerable. Y la complejidad moral se reduce.<\/p>\n\n\n\n<p>En el fondo, el odio protege algo m\u00e1s fr\u00e1gil: el dolor no elaborado. Reconocer la herida implicar\u00eda reconocer vulnerabilidad. El odio ofrece una alternativa m\u00e1s soportable: fortaleza hostil.<\/p>\n\n\n\n<h2 class=\"wp-block-heading\" id=\"h-comportamientos-desde-el-odio-fijacion-rigidez-deshumanizacion\">Comportamientos desde el odio: fijaci\u00f3n, rigidez, deshumanizaci\u00f3n<\/h2>\n\n\n\n<p>El personaje dominado por el odio act\u00faa desde la fijaci\u00f3n. Puede planear venganza, sabotaje, humillaci\u00f3n p\u00fablica. O puede limitarse a excluir, ignorar, invalidar sistem\u00e1ticamente al objeto de su aversi\u00f3n.<\/p>\n\n\n\n<p>Uno de los efectos m\u00e1s relevantes \u2014y literariamente f\u00e9rtiles\u2014 es la deshumanizaci\u00f3n. El otro deja de ser sujeto y se convierte en s\u00edmbolo del da\u00f1o.<\/p>\n\n\n\n<p>Ya no es \u201cesa persona\u201d.<br>Es \u201clo que me hizo\u201d.<\/p>\n\n\n\n<p>Narrativamente, el odio estrecha el mundo del personaje. Reduce su campo emocional. Lo vuelve r\u00edgido, incapaz de matizar. Cada escena se lee bajo el prisma del agravio.<\/p>\n\n\n\n<p>Y cuanto m\u00e1s se prolonga, m\u00e1s dif\u00edcil resulta abandonarlo, porque hacerlo implicar\u00eda perder el eje que ha sostenido la identidad durante a\u00f1os.<\/p>\n\n\n\n<h2 class=\"wp-block-heading\" id=\"h-ejemplos-literarios-el-odio-en-accion\">Ejemplos literarios: el odio en acci\u00f3n<\/h2>\n\n\n\n<h3 class=\"wp-block-heading\" id=\"h-heathcliff-en-cumbres-borrascosas-de-emily-bronte\">Heathcliff, en <em>Cumbres borrascosas<\/em> de Emily Bront\u00eb<\/h3>\n\n\n\n<p>Heathcliff no vive en la ira; vive en el odio. Tras la humillaci\u00f3n y la p\u00e9rdida de Catherine, su existencia se reorganiza en torno a la venganza. No busca consuelo ni redenci\u00f3n. Busca perpetuar el da\u00f1o. El odio le otorga coherencia, direcci\u00f3n y prop\u00f3sito, pero lo a\u00edsla radicalmente. Su identidad se funde con el resentimiento hasta volverse indistinguible de \u00e9l.<\/p>\n\n\n\n<h3 class=\"wp-block-heading\" id=\"h-javert-en-los-miserables-de-victor-hugo\">Javert, en <em>Los miserables<\/em> de Victor Hugo<\/h3>\n\n\n\n<p>El odio de Javert no es pasional, sino moral. Su hostilidad hacia Jean Valjean nace de una concepci\u00f3n r\u00edgida de la ley. No soporta la ambig\u00fcedad \u00e9tica. Cuando la realidad contradice su sistema de valores, su estructura mental colapsa. En \u00e9l vemos c\u00f3mo el odio puede ser la defensa extrema frente a la complejidad del mundo.<\/p>\n\n\n\n<h3 class=\"wp-block-heading\" id=\"h-amy-dunne-en-perdida-de-gillian-flynn\">Amy Dunne, en <em>Perdida<\/em> de Gillian Flynn<\/h3>\n\n\n\n<p>En un registro contempor\u00e1neo, Amy encarna un odio fr\u00edo y calculado. Su resentimiento hacia Nick se convierte en arquitectura narrativa: planifica, ejecuta, manipula. Aqu\u00ed el odio no es explosi\u00f3n emocional, sino inteligencia aplicada al castigo. El da\u00f1o sufrido se transforma en estrategia.<\/p>\n\n\n\n<h2 class=\"wp-block-heading\" id=\"h-escribir-desde-el-odio-una-emocion-que-estructura-la-trama\">Escribir desde el odio: una emoci\u00f3n que estructura la trama<\/h2>\n\n\n\n<p>El odio es un motor narrativo poderoso porque no se agota f\u00e1cilmente. Permite sostener conflictos a largo plazo, justificar decisiones extremas y profundizar en la psicolog\u00eda del personaje.<\/p>\n\n\n\n<p>Pero escribir odio no consiste en exagerar la violencia. Consiste en mostrar:<\/p>\n\n\n\n<p>la repetici\u00f3n mental del agravio,<br>la transformaci\u00f3n del dolor en identidad,<br>la dificultad para soltar sin sentir que se traiciona la propia historia.<\/p>\n\n\n\n<p>Un personaje que odia no siempre desea destruir al otro. A veces solo desea que el da\u00f1o no quede impune. Y esa convicci\u00f3n puede justificar cualquier acci\u00f3n.<\/p>\n\n\n\n<h2 class=\"wp-block-heading\" id=\"h-cierre-el-odio-como-carcel-elegante\">Cierre: el odio como c\u00e1rcel elegante<\/h2>\n\n\n\n<p>El odio promete fortaleza. Ofrece claridad, direcci\u00f3n, cohesi\u00f3n interna. Pero tiene un precio: reduce el mundo a una sola emoci\u00f3n.<\/p>\n\n\n\n<p>La literatura no lo juzga; lo examina. Observa c\u00f3mo se construye, c\u00f3mo se sostiene, c\u00f3mo corroe lentamente la posibilidad de v\u00ednculo.<\/p>\n\n\n\n<p>Como emoci\u00f3n narrativa, el odio revela algo profundamente humano: el deseo de no olvidar aquello que nos hiri\u00f3.<\/p>\n\n\n\n<p>Pero tambi\u00e9n nos recuerda que, cuando el odio se convierte en identidad, el enemigo habita dentro de nosotros.<\/p>\n\n\n\n<p>Y desde ah\u00ed, gobierna.<\/p>\n","protected":false},"excerpt":{"rendered":"<p>Odio, rencor, animadversi\u00f3n, resentimiento, hostilidad, aversi\u00f3n profunda, desprecio, inquina, enemistad, repulsi\u00f3n moral, deseo de da\u00f1o, memoria del agravio, rechazo radical.<\/p>\n","protected":false},"author":1,"featured_media":354,"comment_status":"open","ping_status":"open","sticky":false,"template":"","format":"standard","meta":{"_acf_changed":false,"footnotes":""},"categories":[29],"tags":[51],"class_list":["post-353","post","type-post","status-publish","format-standard","has-post-thumbnail","hentry","category-emocionario","tag-odio"],"acf":[],"yoast_head":"<!-- This site is optimized with the Yoast SEO Premium plugin v26.6 (Yoast SEO v27.4) - https:\/\/yoast.com\/product\/yoast-seo-premium-wordpress\/ -->\n<title>Odio - Mentes entre l\u00edneas<\/title>\n<meta name=\"robots\" content=\"index, follow, max-snippet:-1, max-image-preview:large, max-video-preview:-1\" \/>\n<link rel=\"canonical\" href=\"https:\/\/lagatacongafas.com\/mentesentrelineas\/2026\/02\/24\/odio\/\" \/>\n<meta property=\"og:locale\" content=\"es_ES\" \/>\n<meta property=\"og:type\" content=\"article\" \/>\n<meta property=\"og:title\" content=\"Odio\" \/>\n<meta property=\"og:description\" content=\"Odio, rencor, animadversi\u00f3n, resentimiento, hostilidad, aversi\u00f3n profunda, desprecio, inquina, enemistad, repulsi\u00f3n moral, deseo de da\u00f1o, memoria del agravio, rechazo radical.\" \/>\n<meta property=\"og:url\" content=\"https:\/\/lagatacongafas.com\/mentesentrelineas\/2026\/02\/24\/odio\/\" \/>\n<meta property=\"og:site_name\" content=\"Mentes entre l\u00edneas\" \/>\n<meta property=\"article:published_time\" content=\"2026-02-24T16:06:56+00:00\" \/>\n<meta property=\"article:modified_time\" content=\"2026-03-10T12:53:05+00:00\" \/>\n<meta property=\"og:image\" content=\"https:\/\/lagatacongafas.com\/mentesentrelineas\/wp-content\/uploads\/sites\/5\/2026\/02\/freepik__a-middleaged-woman-with-a-stern-face-dark-brown-ha__85333-e1771949203612.jpeg\" \/>\n\t<meta property=\"og:image:width\" content=\"707\" \/>\n\t<meta property=\"og:image:height\" content=\"580\" \/>\n\t<meta property=\"og:image:type\" content=\"image\/jpeg\" \/>\n<meta name=\"author\" content=\"La Gata\" \/>\n<meta name=\"twitter:card\" content=\"summary_large_image\" \/>\n<meta name=\"twitter:label1\" content=\"Escrito por\" \/>\n\t<meta name=\"twitter:data1\" content=\"La Gata\" \/>\n\t<meta name=\"twitter:label2\" content=\"Tiempo de lectura\" \/>\n\t<meta name=\"twitter:data2\" content=\"5 minutos\" \/>\n<script type=\"application\/ld+json\" class=\"yoast-schema-graph\">{\"@context\":\"https:\\\/\\\/schema.org\",\"@graph\":[{\"@type\":\"Article\",\"@id\":\"https:\\\/\\\/lagatacongafas.com\\\/mentesentrelineas\\\/2026\\\/02\\\/24\\\/odio\\\/#article\",\"isPartOf\":{\"@id\":\"https:\\\/\\\/lagatacongafas.com\\\/mentesentrelineas\\\/2026\\\/02\\\/24\\\/odio\\\/\"},\"author\":{\"name\":\"La Gata\",\"@id\":\"https:\\\/\\\/lagatacongafas.com\\\/mentesentrelineas\\\/#\\\/schema\\\/person\\\/311d6fb9ef63e47a3a36224a60c47b99\"},\"headline\":\"Odio\",\"datePublished\":\"2026-02-24T16:06:56+00:00\",\"dateModified\":\"2026-03-10T12:53:05+00:00\",\"mainEntityOfPage\":{\"@id\":\"https:\\\/\\\/lagatacongafas.com\\\/mentesentrelineas\\\/2026\\\/02\\\/24\\\/odio\\\/\"},\"wordCount\":969,\"commentCount\":0,\"image\":{\"@id\":\"https:\\\/\\\/lagatacongafas.com\\\/mentesentrelineas\\\/2026\\\/02\\\/24\\\/odio\\\/#primaryimage\"},\"thumbnailUrl\":\"https:\\\/\\\/lagatacongafas.com\\\/mentesentrelineas\\\/wp-content\\\/uploads\\\/sites\\\/5\\\/2026\\\/02\\\/freepik__a-middleaged-woman-with-a-stern-face-dark-brown-ha__85333-e1771949203612.jpeg\",\"keywords\":[\"Odio\"],\"articleSection\":[\"Emocionario\"],\"inLanguage\":\"es\",\"potentialAction\":[{\"@type\":\"CommentAction\",\"name\":\"Comment\",\"target\":[\"https:\\\/\\\/lagatacongafas.com\\\/mentesentrelineas\\\/2026\\\/02\\\/24\\\/odio\\\/#respond\"]}]},{\"@type\":\"WebPage\",\"@id\":\"https:\\\/\\\/lagatacongafas.com\\\/mentesentrelineas\\\/2026\\\/02\\\/24\\\/odio\\\/\",\"url\":\"https:\\\/\\\/lagatacongafas.com\\\/mentesentrelineas\\\/2026\\\/02\\\/24\\\/odio\\\/\",\"name\":\"Odio - Mentes entre l\u00edneas\",\"isPartOf\":{\"@id\":\"https:\\\/\\\/lagatacongafas.com\\\/mentesentrelineas\\\/#website\"},\"primaryImageOfPage\":{\"@id\":\"https:\\\/\\\/lagatacongafas.com\\\/mentesentrelineas\\\/2026\\\/02\\\/24\\\/odio\\\/#primaryimage\"},\"image\":{\"@id\":\"https:\\\/\\\/lagatacongafas.com\\\/mentesentrelineas\\\/2026\\\/02\\\/24\\\/odio\\\/#primaryimage\"},\"thumbnailUrl\":\"https:\\\/\\\/lagatacongafas.com\\\/mentesentrelineas\\\/wp-content\\\/uploads\\\/sites\\\/5\\\/2026\\\/02\\\/freepik__a-middleaged-woman-with-a-stern-face-dark-brown-ha__85333-e1771949203612.jpeg\",\"datePublished\":\"2026-02-24T16:06:56+00:00\",\"dateModified\":\"2026-03-10T12:53:05+00:00\",\"author\":{\"@id\":\"https:\\\/\\\/lagatacongafas.com\\\/mentesentrelineas\\\/#\\\/schema\\\/person\\\/311d6fb9ef63e47a3a36224a60c47b99\"},\"breadcrumb\":{\"@id\":\"https:\\\/\\\/lagatacongafas.com\\\/mentesentrelineas\\\/2026\\\/02\\\/24\\\/odio\\\/#breadcrumb\"},\"inLanguage\":\"es\",\"potentialAction\":[{\"@type\":\"ReadAction\",\"target\":[\"https:\\\/\\\/lagatacongafas.com\\\/mentesentrelineas\\\/2026\\\/02\\\/24\\\/odio\\\/\"]}]},{\"@type\":\"ImageObject\",\"inLanguage\":\"es\",\"@id\":\"https:\\\/\\\/lagatacongafas.com\\\/mentesentrelineas\\\/2026\\\/02\\\/24\\\/odio\\\/#primaryimage\",\"url\":\"https:\\\/\\\/lagatacongafas.com\\\/mentesentrelineas\\\/wp-content\\\/uploads\\\/sites\\\/5\\\/2026\\\/02\\\/freepik__a-middleaged-woman-with-a-stern-face-dark-brown-ha__85333-e1771949203612.jpeg\",\"contentUrl\":\"https:\\\/\\\/lagatacongafas.com\\\/mentesentrelineas\\\/wp-content\\\/uploads\\\/sites\\\/5\\\/2026\\\/02\\\/freepik__a-middleaged-woman-with-a-stern-face-dark-brown-ha__85333-e1771949203612.jpeg\",\"width\":707,\"height\":580},{\"@type\":\"BreadcrumbList\",\"@id\":\"https:\\\/\\\/lagatacongafas.com\\\/mentesentrelineas\\\/2026\\\/02\\\/24\\\/odio\\\/#breadcrumb\",\"itemListElement\":[{\"@type\":\"ListItem\",\"position\":1,\"name\":\"Portada\",\"item\":\"https:\\\/\\\/lagatacongafas.com\\\/mentesentrelineas\\\/\"},{\"@type\":\"ListItem\",\"position\":2,\"name\":\"Odio\"}]},{\"@type\":\"WebSite\",\"@id\":\"https:\\\/\\\/lagatacongafas.com\\\/mentesentrelineas\\\/#website\",\"url\":\"https:\\\/\\\/lagatacongafas.com\\\/mentesentrelineas\\\/\",\"name\":\"Mentes entre l\u00edneas\",\"description\":\"\",\"potentialAction\":[{\"@type\":\"SearchAction\",\"target\":{\"@type\":\"EntryPoint\",\"urlTemplate\":\"https:\\\/\\\/lagatacongafas.com\\\/mentesentrelineas\\\/?s={search_term_string}\"},\"query-input\":{\"@type\":\"PropertyValueSpecification\",\"valueRequired\":true,\"valueName\":\"search_term_string\"}}],\"inLanguage\":\"es\"},{\"@type\":\"Person\",\"@id\":\"https:\\\/\\\/lagatacongafas.com\\\/mentesentrelineas\\\/#\\\/schema\\\/person\\\/311d6fb9ef63e47a3a36224a60c47b99\",\"name\":\"La Gata\",\"image\":{\"@type\":\"ImageObject\",\"inLanguage\":\"es\",\"@id\":\"https:\\\/\\\/secure.gravatar.com\\\/avatar\\\/e952ad62e08be1daabaefebd12d26c1e5fbfd687693aaa066db2433a21638ad8?s=96&d=mm&r=g\",\"url\":\"https:\\\/\\\/secure.gravatar.com\\\/avatar\\\/e952ad62e08be1daabaefebd12d26c1e5fbfd687693aaa066db2433a21638ad8?s=96&d=mm&r=g\",\"contentUrl\":\"https:\\\/\\\/secure.gravatar.com\\\/avatar\\\/e952ad62e08be1daabaefebd12d26c1e5fbfd687693aaa066db2433a21638ad8?s=96&d=mm&r=g\",\"caption\":\"La Gata\"},\"sameAs\":[\"http:\\\/\\\/lagatacongafas.com\"],\"url\":\"https:\\\/\\\/lagatacongafas.com\\\/mentesentrelineas\\\/author\\\/nuriapn\\\/\"}]}<\/script>\n<!-- \/ Yoast SEO Premium plugin. -->","yoast_head_json":{"title":"Odio - Mentes entre l\u00edneas","robots":{"index":"index","follow":"follow","max-snippet":"max-snippet:-1","max-image-preview":"max-image-preview:large","max-video-preview":"max-video-preview:-1"},"canonical":"https:\/\/lagatacongafas.com\/mentesentrelineas\/2026\/02\/24\/odio\/","og_locale":"es_ES","og_type":"article","og_title":"Odio","og_description":"Odio, rencor, animadversi\u00f3n, resentimiento, hostilidad, aversi\u00f3n profunda, desprecio, inquina, enemistad, repulsi\u00f3n moral, deseo de da\u00f1o, memoria del agravio, rechazo radical.","og_url":"https:\/\/lagatacongafas.com\/mentesentrelineas\/2026\/02\/24\/odio\/","og_site_name":"Mentes entre l\u00edneas","article_published_time":"2026-02-24T16:06:56+00:00","article_modified_time":"2026-03-10T12:53:05+00:00","og_image":[{"width":707,"height":580,"url":"https:\/\/lagatacongafas.com\/mentesentrelineas\/wp-content\/uploads\/sites\/5\/2026\/02\/freepik__a-middleaged-woman-with-a-stern-face-dark-brown-ha__85333-e1771949203612.jpeg","type":"image\/jpeg"}],"author":"La Gata","twitter_card":"summary_large_image","twitter_misc":{"Escrito por":"La Gata","Tiempo de lectura":"5 minutos"},"schema":{"@context":"https:\/\/schema.org","@graph":[{"@type":"Article","@id":"https:\/\/lagatacongafas.com\/mentesentrelineas\/2026\/02\/24\/odio\/#article","isPartOf":{"@id":"https:\/\/lagatacongafas.com\/mentesentrelineas\/2026\/02\/24\/odio\/"},"author":{"name":"La Gata","@id":"https:\/\/lagatacongafas.com\/mentesentrelineas\/#\/schema\/person\/311d6fb9ef63e47a3a36224a60c47b99"},"headline":"Odio","datePublished":"2026-02-24T16:06:56+00:00","dateModified":"2026-03-10T12:53:05+00:00","mainEntityOfPage":{"@id":"https:\/\/lagatacongafas.com\/mentesentrelineas\/2026\/02\/24\/odio\/"},"wordCount":969,"commentCount":0,"image":{"@id":"https:\/\/lagatacongafas.com\/mentesentrelineas\/2026\/02\/24\/odio\/#primaryimage"},"thumbnailUrl":"https:\/\/lagatacongafas.com\/mentesentrelineas\/wp-content\/uploads\/sites\/5\/2026\/02\/freepik__a-middleaged-woman-with-a-stern-face-dark-brown-ha__85333-e1771949203612.jpeg","keywords":["Odio"],"articleSection":["Emocionario"],"inLanguage":"es","potentialAction":[{"@type":"CommentAction","name":"Comment","target":["https:\/\/lagatacongafas.com\/mentesentrelineas\/2026\/02\/24\/odio\/#respond"]}]},{"@type":"WebPage","@id":"https:\/\/lagatacongafas.com\/mentesentrelineas\/2026\/02\/24\/odio\/","url":"https:\/\/lagatacongafas.com\/mentesentrelineas\/2026\/02\/24\/odio\/","name":"Odio - Mentes entre l\u00edneas","isPartOf":{"@id":"https:\/\/lagatacongafas.com\/mentesentrelineas\/#website"},"primaryImageOfPage":{"@id":"https:\/\/lagatacongafas.com\/mentesentrelineas\/2026\/02\/24\/odio\/#primaryimage"},"image":{"@id":"https:\/\/lagatacongafas.com\/mentesentrelineas\/2026\/02\/24\/odio\/#primaryimage"},"thumbnailUrl":"https:\/\/lagatacongafas.com\/mentesentrelineas\/wp-content\/uploads\/sites\/5\/2026\/02\/freepik__a-middleaged-woman-with-a-stern-face-dark-brown-ha__85333-e1771949203612.jpeg","datePublished":"2026-02-24T16:06:56+00:00","dateModified":"2026-03-10T12:53:05+00:00","author":{"@id":"https:\/\/lagatacongafas.com\/mentesentrelineas\/#\/schema\/person\/311d6fb9ef63e47a3a36224a60c47b99"},"breadcrumb":{"@id":"https:\/\/lagatacongafas.com\/mentesentrelineas\/2026\/02\/24\/odio\/#breadcrumb"},"inLanguage":"es","potentialAction":[{"@type":"ReadAction","target":["https:\/\/lagatacongafas.com\/mentesentrelineas\/2026\/02\/24\/odio\/"]}]},{"@type":"ImageObject","inLanguage":"es","@id":"https:\/\/lagatacongafas.com\/mentesentrelineas\/2026\/02\/24\/odio\/#primaryimage","url":"https:\/\/lagatacongafas.com\/mentesentrelineas\/wp-content\/uploads\/sites\/5\/2026\/02\/freepik__a-middleaged-woman-with-a-stern-face-dark-brown-ha__85333-e1771949203612.jpeg","contentUrl":"https:\/\/lagatacongafas.com\/mentesentrelineas\/wp-content\/uploads\/sites\/5\/2026\/02\/freepik__a-middleaged-woman-with-a-stern-face-dark-brown-ha__85333-e1771949203612.jpeg","width":707,"height":580},{"@type":"BreadcrumbList","@id":"https:\/\/lagatacongafas.com\/mentesentrelineas\/2026\/02\/24\/odio\/#breadcrumb","itemListElement":[{"@type":"ListItem","position":1,"name":"Portada","item":"https:\/\/lagatacongafas.com\/mentesentrelineas\/"},{"@type":"ListItem","position":2,"name":"Odio"}]},{"@type":"WebSite","@id":"https:\/\/lagatacongafas.com\/mentesentrelineas\/#website","url":"https:\/\/lagatacongafas.com\/mentesentrelineas\/","name":"Mentes entre l\u00edneas","description":"","potentialAction":[{"@type":"SearchAction","target":{"@type":"EntryPoint","urlTemplate":"https:\/\/lagatacongafas.com\/mentesentrelineas\/?s={search_term_string}"},"query-input":{"@type":"PropertyValueSpecification","valueRequired":true,"valueName":"search_term_string"}}],"inLanguage":"es"},{"@type":"Person","@id":"https:\/\/lagatacongafas.com\/mentesentrelineas\/#\/schema\/person\/311d6fb9ef63e47a3a36224a60c47b99","name":"La Gata","image":{"@type":"ImageObject","inLanguage":"es","@id":"https:\/\/secure.gravatar.com\/avatar\/e952ad62e08be1daabaefebd12d26c1e5fbfd687693aaa066db2433a21638ad8?s=96&d=mm&r=g","url":"https:\/\/secure.gravatar.com\/avatar\/e952ad62e08be1daabaefebd12d26c1e5fbfd687693aaa066db2433a21638ad8?s=96&d=mm&r=g","contentUrl":"https:\/\/secure.gravatar.com\/avatar\/e952ad62e08be1daabaefebd12d26c1e5fbfd687693aaa066db2433a21638ad8?s=96&d=mm&r=g","caption":"La Gata"},"sameAs":["http:\/\/lagatacongafas.com"],"url":"https:\/\/lagatacongafas.com\/mentesentrelineas\/author\/nuriapn\/"}]}},"_links":{"self":[{"href":"https:\/\/lagatacongafas.com\/mentesentrelineas\/wp-json\/wp\/v2\/posts\/353","targetHints":{"allow":["GET"]}}],"collection":[{"href":"https:\/\/lagatacongafas.com\/mentesentrelineas\/wp-json\/wp\/v2\/posts"}],"about":[{"href":"https:\/\/lagatacongafas.com\/mentesentrelineas\/wp-json\/wp\/v2\/types\/post"}],"author":[{"embeddable":true,"href":"https:\/\/lagatacongafas.com\/mentesentrelineas\/wp-json\/wp\/v2\/users\/1"}],"replies":[{"embeddable":true,"href":"https:\/\/lagatacongafas.com\/mentesentrelineas\/wp-json\/wp\/v2\/comments?post=353"}],"version-history":[{"count":4,"href":"https:\/\/lagatacongafas.com\/mentesentrelineas\/wp-json\/wp\/v2\/posts\/353\/revisions"}],"predecessor-version":[{"id":360,"href":"https:\/\/lagatacongafas.com\/mentesentrelineas\/wp-json\/wp\/v2\/posts\/353\/revisions\/360"}],"wp:featuredmedia":[{"embeddable":true,"href":"https:\/\/lagatacongafas.com\/mentesentrelineas\/wp-json\/wp\/v2\/media\/354"}],"wp:attachment":[{"href":"https:\/\/lagatacongafas.com\/mentesentrelineas\/wp-json\/wp\/v2\/media?parent=353"}],"wp:term":[{"taxonomy":"category","embeddable":true,"href":"https:\/\/lagatacongafas.com\/mentesentrelineas\/wp-json\/wp\/v2\/categories?post=353"},{"taxonomy":"post_tag","embeddable":true,"href":"https:\/\/lagatacongafas.com\/mentesentrelineas\/wp-json\/wp\/v2\/tags?post=353"}],"curies":[{"name":"wp","href":"https:\/\/api.w.org\/{rel}","templated":true}]}}