{"id":310,"date":"2026-01-13T12:18:40","date_gmt":"2026-01-13T11:18:40","guid":{"rendered":"https:\/\/lagatacongafas.com\/mentesentrelineas\/?p=310"},"modified":"2026-01-13T12:18:42","modified_gmt":"2026-01-13T11:18:42","slug":"ana-karenina-de-lev-tolstoi","status":"publish","type":"post","link":"https:\/\/lagatacongafas.com\/mentesentrelineas\/2026\/01\/13\/ana-karenina-de-lev-tolstoi\/","title":{"rendered":"Ana Karenina, de Lev Tolstoi"},"content":{"rendered":"\n<h2 class=\"wp-block-heading\" id=\"h-analisis-emocional-ana-karenina-ante-la-pasion-que-la-libera-y-la-destruye\"><strong>An\u00e1lisis emocional: Ana Karenina ante la pasi\u00f3n que la libera y la destruye<\/strong><\/h2>\n\n\n\n<p><\/p>\n\n\n\n<h2 class=\"wp-block-heading\" id=\"h-contexto-narrativo\">Contexto narrativo:<\/h2>\n\n\n\n<p>Ana Karenina, mujer de alta sociedad en la Rusia imperial, vive un matrimonio sin pasi\u00f3n con Alex\u00e9i Aleks\u00e1ndrovich Karenin. Madre devota y figura respetada, parece representar el ideal femenino de su \u00e9poca. Pero cuando conoce al conde Vronsky, un joven oficial encantador, siente por primera vez el v\u00e9rtigo del deseo verdadero. Esa pasi\u00f3n, que empieza como un resplandor, se convierte en el fuego que consumir\u00e1 su vida.<\/p>\n\n\n\n<p>Tolst\u00f3i coloca en Ana el drama de una conciencia dividida entre dos fuerzas irreconciliables: el deber social y la verdad emocional. No se trata solo de adulterio, sino de identidad: Ana se pregunta qui\u00e9n es m\u00e1s all\u00e1 del rol que el mundo le otorg\u00f3. En su historia, el amor no redime \u2014devora.<\/p>\n\n\n\n<p>En ella se cruza el dilema central de la literatura rusa: \u00bfpuede una emoci\u00f3n pura sobrevivir en un entorno regido por las apariencias?<\/p>\n\n\n\n<h2 class=\"wp-block-heading\" id=\"h-estado-emocional-previo-a-la-ruptura-deseo-reprimido-hambre-de-autenticidad\">Estado emocional previo a la ruptura: deseo reprimido + hambre de autenticidad<\/h2>\n\n\n\n<p>Antes del romance con Vronsky, Ana vive en una tensi\u00f3n silenciosa. Su vida transcurre entre bailes, banquetes y conversaciones vac\u00edas, una existencia de superficie en la que no se la escucha ni se la siente. Su despertar amoroso no es s\u00fabito: es la consecuencia natural de una larga asfixia emocional.<\/p>\n\n\n\n<ul class=\"wp-block-list\">\n<li><strong>Ansiedad \u00edntima:<\/strong>\u00a0siente que su vida carece de sentido real. Todo en su entorno es correcto, pero inerte.<\/li>\n\n\n\n<li><strong>Euforia moral invertida:<\/strong>\u00a0el deseo se le aparece como una revelaci\u00f3n espiritual. Amar, para ella, es vivir con verdad, aunque rompa las leyes del mundo.<\/li>\n\n\n\n<li><strong>Negociaci\u00f3n con la culpa:<\/strong>\u00a0intenta arrancarse la emoci\u00f3n del pecho, pero su mente ya no obedece a la raz\u00f3n.<\/li>\n\n\n\n<li><strong>Despersonalizaci\u00f3n social:<\/strong>\u00a0empieza a verse desde fuera, como un personaje impostado en su propio matrimonio.<\/li>\n<\/ul>\n\n\n\n<p>Amar a Vronsky no es para Ana un capricho, sino un intento de existir plenamente. Pero esa b\u00fasqueda, al surgir en un contexto que niega la libertad femenina, la empuja inevitablemente hacia el conflicto.<\/p>\n\n\n\n<h2 class=\"wp-block-heading\" id=\"h-el-instante-de-la-transgresion-exaltacion-y-fractura\">El instante de la transgresi\u00f3n: exaltaci\u00f3n y fractura<\/h2>\n\n\n\n<p>Cuando Ana cede al amor, cuando decide dejar de resistirse y se entrega a Vronsky, ocurre una especie de inversi\u00f3n moral. Lo que el mundo llama pecado, ella lo vive como un instante de verdad luminosa. Pero esa luz tiene un brillo incierto, sucio de conciencia y terror.<\/p>\n\n\n\n<ul class=\"wp-block-list\">\n<li><strong>\u00c9xtasis emocional:<\/strong>\u00a0siente una plenitud casi m\u00edstica. Por primera vez, su cuerpo, su mente y su deseo coinciden.<\/li>\n\n\n\n<li><strong>Disonancia psicol\u00f3gica:<\/strong>\u00a0la culpa surge de inmediato, como una sombra que sigue al placer. Tolst\u00f3i no la castiga: muestra su humanidad dividida.<\/li>\n\n\n\n<li><strong>Sensaci\u00f3n de irrealidad:<\/strong>\u00a0el tiempo parece detenerse, y la pasi\u00f3n sustituye toda otra forma de existencia.<\/li>\n\n\n\n<li><strong>Embriaguez de libertad:<\/strong>\u00a0Ana percibe su acto no solo como rebeli\u00f3n, sino como nacimiento. Pero toda libertad absoluta roza la locura cuando el entorno no puede sostenerla.<\/li>\n<\/ul>\n\n\n\n<p>Ese momento, tan \u00edntimo y ef\u00edmero, es el germen de su tragedia: ella confunde el amor con la salvaci\u00f3n, sin prever que, para el mundo, se convertir\u00e1 en s\u00edmbolo del esc\u00e1ndalo.<\/p>\n\n\n\n<h2 class=\"wp-block-heading\" id=\"h-de-la-emocion-al-quiebre-psiquico-amor-culpa-paranoia-afectiva\">De la emoci\u00f3n al quiebre ps\u00edquico: amor + culpa + paranoia afectiva<\/h2>\n\n\n\n<p>A medida que el romance se intensifica y la sociedad la margina, Ana comienza a descomponerse emocionalmente. Pierde el lugar que ten\u00eda en el mundo, pero no logra encontrar un nuevo equilibrio afectivo. Su pasi\u00f3n, una vez fuente de vida, se transforma en veneno.<\/p>\n\n\n\n<ul class=\"wp-block-list\">\n<li><strong>Culpa reiterativa:<\/strong>\u00a0se castiga en silencio, incapaz de gozar sin remordimiento. Cada mirada ajena la juzga; cada gesto de Vronsky la hiere por anticipado.<\/li>\n\n\n\n<li><strong>Paranoia amorosa:<\/strong>\u00a0teme perderlo, sospecha enga\u00f1os, siente que su amor ya no basta. Lo vigila, lo interroga, se contradice.<\/li>\n\n\n\n<li><strong>Disociaci\u00f3n progresiva:<\/strong>\u00a0su yo social y su yo amante se separan hasta el punto de volverse irreconciliables. Ninguna versi\u00f3n de s\u00ed misma es capaz de sostenerse.<\/li>\n\n\n\n<li><strong>Aislamiento extremo:<\/strong>\u00a0cuando pierde el contacto con su hijo, su v\u00ednculo con el mundo desaparece. La maternidad rota sella su condena interior.<\/li>\n<\/ul>\n\n\n\n<p>Tolst\u00f3i retrata el deterioro de una conciencia que no soporta el choque entre la verdad del coraz\u00f3n y la hipocres\u00eda del entorno. Ana no muere solo por desesperaci\u00f3n amorosa, sino por una saturaci\u00f3n emocional sin salida.<\/p>\n\n\n\n<h2 class=\"wp-block-heading\" id=\"h-perfil-emocional-del-momento-ana-karenina\">Perfil emocional del momento: Ana Karenina<\/h2>\n\n\n\n<p><strong>Emoci\u00f3n dominante:<\/strong>&nbsp;deseo \u2192 culpa \u2192 ansiedad \u2192 desesperaci\u00f3n<br><strong>Mecanismo de defensa activado:<\/strong>&nbsp;idealizaci\u00f3n del amor + autoenga\u00f1o afectivo<br><strong>Consecuencia narrativa:<\/strong>&nbsp;fractura ps\u00edquica entre el yo social y el yo real<br><strong>Diagn\u00f3stico emocional posible:<\/strong>&nbsp;trastorno depresivo con episodios obsesivos y tendencia disociativa<br><strong>Funci\u00f3n narrativa del momento:<\/strong>&nbsp;mostrar la imposibilidad del amor absoluto en una sociedad que castiga la autenticidad femenina<\/p>\n\n\n\n<h2 class=\"wp-block-heading\" id=\"h-conclusion\">Conclusi\u00f3n:<\/h2>\n\n\n\n<p>La ca\u00edda de Ana Karenina no es un castigo moral, sino un colapso existencial. Tolst\u00f3i no la condena: la compadece. En su mirada, la pasi\u00f3n y la culpa no son opuestos, sino dos caras de la misma necesidad humana de amar sin medida.<\/p>\n\n\n\n<p>Su muerte, bajo las ruedas del tren, no es huida ni locura: es el \u00faltimo gesto de coherencia en un mundo que la ha convertido en contradicci\u00f3n. Ana se arroja no solo al vac\u00edo f\u00edsico, sino al silencio de una vida que no pudo conciliar el alma y la norma.<\/p>\n\n\n\n<p>El amor, que hab\u00eda sido su llamado a la vida, se convierte en su verdugo. Y en esa paradoja descansa la modernidad de su tragedia: no muere por amar demasiado, sino por vivir en un tiempo donde amar demasiado era imperdonable.<\/p>\n","protected":false},"excerpt":{"rendered":"<p>\u00bfC\u00f3mo se sinti\u00f3 Ana Karenina al romper con su mundo por amor?<\/p>\n","protected":false},"author":1,"featured_media":311,"comment_status":"open","ping_status":"open","sticky":false,"template":"","format":"standard","meta":{"_acf_changed":false,"footnotes":""},"categories":[26],"tags":[46],"class_list":["post-310","post","type-post","status-publish","format-standard","has-post-thumbnail","hentry","category-personajes","tag-ana-karenina"],"acf":[],"yoast_head":"<!-- This site is optimized with the Yoast SEO Premium plugin v26.6 (Yoast SEO v27.4) - https:\/\/yoast.com\/product\/yoast-seo-premium-wordpress\/ -->\n<title>Ana Karenina, de Lev Tolstoi - Mentes entre l\u00edneas<\/title>\n<meta name=\"robots\" content=\"index, follow, max-snippet:-1, max-image-preview:large, max-video-preview:-1\" \/>\n<link rel=\"canonical\" href=\"https:\/\/lagatacongafas.com\/mentesentrelineas\/2026\/01\/13\/ana-karenina-de-lev-tolstoi\/\" \/>\n<meta property=\"og:locale\" content=\"es_ES\" \/>\n<meta property=\"og:type\" content=\"article\" \/>\n<meta property=\"og:title\" content=\"Ana Karenina, de Lev Tolstoi\" \/>\n<meta property=\"og:description\" content=\"\u00bfC\u00f3mo se sinti\u00f3 Ana Karenina al romper con su mundo por amor?\" \/>\n<meta property=\"og:url\" content=\"https:\/\/lagatacongafas.com\/mentesentrelineas\/2026\/01\/13\/ana-karenina-de-lev-tolstoi\/\" \/>\n<meta property=\"og:site_name\" content=\"Mentes entre l\u00edneas\" \/>\n<meta property=\"article:published_time\" content=\"2026-01-13T11:18:40+00:00\" \/>\n<meta property=\"article:modified_time\" content=\"2026-01-13T11:18:42+00:00\" \/>\n<meta property=\"og:image\" content=\"https:\/\/lagatacongafas.com\/mentesentrelineas\/wp-content\/uploads\/sites\/5\/2026\/01\/d286fbe3-be93-4147-bcc6-7ad3090a6cfe-md-e1768303048316.jpeg\" \/>\n\t<meta property=\"og:image:width\" content=\"800\" \/>\n\t<meta property=\"og:image:height\" content=\"532\" \/>\n\t<meta property=\"og:image:type\" content=\"image\/jpeg\" \/>\n<meta name=\"author\" content=\"La Gata\" \/>\n<meta name=\"twitter:card\" content=\"summary_large_image\" \/>\n<meta name=\"twitter:label1\" content=\"Escrito por\" \/>\n\t<meta name=\"twitter:data1\" content=\"La Gata\" \/>\n\t<meta name=\"twitter:label2\" content=\"Tiempo de lectura\" \/>\n\t<meta name=\"twitter:data2\" content=\"5 minutos\" \/>\n<script type=\"application\/ld+json\" class=\"yoast-schema-graph\">{\"@context\":\"https:\\\/\\\/schema.org\",\"@graph\":[{\"@type\":\"Article\",\"@id\":\"https:\\\/\\\/lagatacongafas.com\\\/mentesentrelineas\\\/2026\\\/01\\\/13\\\/ana-karenina-de-lev-tolstoi\\\/#article\",\"isPartOf\":{\"@id\":\"https:\\\/\\\/lagatacongafas.com\\\/mentesentrelineas\\\/2026\\\/01\\\/13\\\/ana-karenina-de-lev-tolstoi\\\/\"},\"author\":{\"name\":\"La Gata\",\"@id\":\"https:\\\/\\\/lagatacongafas.com\\\/mentesentrelineas\\\/#\\\/schema\\\/person\\\/311d6fb9ef63e47a3a36224a60c47b99\"},\"headline\":\"Ana Karenina, de Lev Tolstoi\",\"datePublished\":\"2026-01-13T11:18:40+00:00\",\"dateModified\":\"2026-01-13T11:18:42+00:00\",\"mainEntityOfPage\":{\"@id\":\"https:\\\/\\\/lagatacongafas.com\\\/mentesentrelineas\\\/2026\\\/01\\\/13\\\/ana-karenina-de-lev-tolstoi\\\/\"},\"wordCount\":948,\"commentCount\":0,\"image\":{\"@id\":\"https:\\\/\\\/lagatacongafas.com\\\/mentesentrelineas\\\/2026\\\/01\\\/13\\\/ana-karenina-de-lev-tolstoi\\\/#primaryimage\"},\"thumbnailUrl\":\"https:\\\/\\\/lagatacongafas.com\\\/mentesentrelineas\\\/wp-content\\\/uploads\\\/sites\\\/5\\\/2026\\\/01\\\/d286fbe3-be93-4147-bcc6-7ad3090a6cfe-md-e1768303048316.jpeg\",\"keywords\":[\"Ana Karenina\"],\"articleSection\":[\"Personajes\"],\"inLanguage\":\"es\",\"potentialAction\":[{\"@type\":\"CommentAction\",\"name\":\"Comment\",\"target\":[\"https:\\\/\\\/lagatacongafas.com\\\/mentesentrelineas\\\/2026\\\/01\\\/13\\\/ana-karenina-de-lev-tolstoi\\\/#respond\"]}]},{\"@type\":\"WebPage\",\"@id\":\"https:\\\/\\\/lagatacongafas.com\\\/mentesentrelineas\\\/2026\\\/01\\\/13\\\/ana-karenina-de-lev-tolstoi\\\/\",\"url\":\"https:\\\/\\\/lagatacongafas.com\\\/mentesentrelineas\\\/2026\\\/01\\\/13\\\/ana-karenina-de-lev-tolstoi\\\/\",\"name\":\"Ana Karenina, de Lev Tolstoi - Mentes entre l\u00edneas\",\"isPartOf\":{\"@id\":\"https:\\\/\\\/lagatacongafas.com\\\/mentesentrelineas\\\/#website\"},\"primaryImageOfPage\":{\"@id\":\"https:\\\/\\\/lagatacongafas.com\\\/mentesentrelineas\\\/2026\\\/01\\\/13\\\/ana-karenina-de-lev-tolstoi\\\/#primaryimage\"},\"image\":{\"@id\":\"https:\\\/\\\/lagatacongafas.com\\\/mentesentrelineas\\\/2026\\\/01\\\/13\\\/ana-karenina-de-lev-tolstoi\\\/#primaryimage\"},\"thumbnailUrl\":\"https:\\\/\\\/lagatacongafas.com\\\/mentesentrelineas\\\/wp-content\\\/uploads\\\/sites\\\/5\\\/2026\\\/01\\\/d286fbe3-be93-4147-bcc6-7ad3090a6cfe-md-e1768303048316.jpeg\",\"datePublished\":\"2026-01-13T11:18:40+00:00\",\"dateModified\":\"2026-01-13T11:18:42+00:00\",\"author\":{\"@id\":\"https:\\\/\\\/lagatacongafas.com\\\/mentesentrelineas\\\/#\\\/schema\\\/person\\\/311d6fb9ef63e47a3a36224a60c47b99\"},\"breadcrumb\":{\"@id\":\"https:\\\/\\\/lagatacongafas.com\\\/mentesentrelineas\\\/2026\\\/01\\\/13\\\/ana-karenina-de-lev-tolstoi\\\/#breadcrumb\"},\"inLanguage\":\"es\",\"potentialAction\":[{\"@type\":\"ReadAction\",\"target\":[\"https:\\\/\\\/lagatacongafas.com\\\/mentesentrelineas\\\/2026\\\/01\\\/13\\\/ana-karenina-de-lev-tolstoi\\\/\"]}]},{\"@type\":\"ImageObject\",\"inLanguage\":\"es\",\"@id\":\"https:\\\/\\\/lagatacongafas.com\\\/mentesentrelineas\\\/2026\\\/01\\\/13\\\/ana-karenina-de-lev-tolstoi\\\/#primaryimage\",\"url\":\"https:\\\/\\\/lagatacongafas.com\\\/mentesentrelineas\\\/wp-content\\\/uploads\\\/sites\\\/5\\\/2026\\\/01\\\/d286fbe3-be93-4147-bcc6-7ad3090a6cfe-md-e1768303048316.jpeg\",\"contentUrl\":\"https:\\\/\\\/lagatacongafas.com\\\/mentesentrelineas\\\/wp-content\\\/uploads\\\/sites\\\/5\\\/2026\\\/01\\\/d286fbe3-be93-4147-bcc6-7ad3090a6cfe-md-e1768303048316.jpeg\",\"width\":800,\"height\":532,\"caption\":\"An\u00e1lisis emocional: Ana Karenina ante la pasi\u00f3n que la libera y la destruye\"},{\"@type\":\"BreadcrumbList\",\"@id\":\"https:\\\/\\\/lagatacongafas.com\\\/mentesentrelineas\\\/2026\\\/01\\\/13\\\/ana-karenina-de-lev-tolstoi\\\/#breadcrumb\",\"itemListElement\":[{\"@type\":\"ListItem\",\"position\":1,\"name\":\"Portada\",\"item\":\"https:\\\/\\\/lagatacongafas.com\\\/mentesentrelineas\\\/\"},{\"@type\":\"ListItem\",\"position\":2,\"name\":\"Ana Karenina, de Lev Tolstoi\"}]},{\"@type\":\"WebSite\",\"@id\":\"https:\\\/\\\/lagatacongafas.com\\\/mentesentrelineas\\\/#website\",\"url\":\"https:\\\/\\\/lagatacongafas.com\\\/mentesentrelineas\\\/\",\"name\":\"Mentes entre l\u00edneas\",\"description\":\"\",\"potentialAction\":[{\"@type\":\"SearchAction\",\"target\":{\"@type\":\"EntryPoint\",\"urlTemplate\":\"https:\\\/\\\/lagatacongafas.com\\\/mentesentrelineas\\\/?s={search_term_string}\"},\"query-input\":{\"@type\":\"PropertyValueSpecification\",\"valueRequired\":true,\"valueName\":\"search_term_string\"}}],\"inLanguage\":\"es\"},{\"@type\":\"Person\",\"@id\":\"https:\\\/\\\/lagatacongafas.com\\\/mentesentrelineas\\\/#\\\/schema\\\/person\\\/311d6fb9ef63e47a3a36224a60c47b99\",\"name\":\"La Gata\",\"image\":{\"@type\":\"ImageObject\",\"inLanguage\":\"es\",\"@id\":\"https:\\\/\\\/secure.gravatar.com\\\/avatar\\\/e952ad62e08be1daabaefebd12d26c1e5fbfd687693aaa066db2433a21638ad8?s=96&d=mm&r=g\",\"url\":\"https:\\\/\\\/secure.gravatar.com\\\/avatar\\\/e952ad62e08be1daabaefebd12d26c1e5fbfd687693aaa066db2433a21638ad8?s=96&d=mm&r=g\",\"contentUrl\":\"https:\\\/\\\/secure.gravatar.com\\\/avatar\\\/e952ad62e08be1daabaefebd12d26c1e5fbfd687693aaa066db2433a21638ad8?s=96&d=mm&r=g\",\"caption\":\"La Gata\"},\"sameAs\":[\"http:\\\/\\\/lagatacongafas.com\"],\"url\":\"https:\\\/\\\/lagatacongafas.com\\\/mentesentrelineas\\\/author\\\/nuriapn\\\/\"}]}<\/script>\n<!-- \/ Yoast SEO Premium plugin. -->","yoast_head_json":{"title":"Ana Karenina, de Lev Tolstoi - Mentes entre l\u00edneas","robots":{"index":"index","follow":"follow","max-snippet":"max-snippet:-1","max-image-preview":"max-image-preview:large","max-video-preview":"max-video-preview:-1"},"canonical":"https:\/\/lagatacongafas.com\/mentesentrelineas\/2026\/01\/13\/ana-karenina-de-lev-tolstoi\/","og_locale":"es_ES","og_type":"article","og_title":"Ana Karenina, de Lev Tolstoi","og_description":"\u00bfC\u00f3mo se sinti\u00f3 Ana Karenina al romper con su mundo por amor?","og_url":"https:\/\/lagatacongafas.com\/mentesentrelineas\/2026\/01\/13\/ana-karenina-de-lev-tolstoi\/","og_site_name":"Mentes entre l\u00edneas","article_published_time":"2026-01-13T11:18:40+00:00","article_modified_time":"2026-01-13T11:18:42+00:00","og_image":[{"width":800,"height":532,"url":"https:\/\/lagatacongafas.com\/mentesentrelineas\/wp-content\/uploads\/sites\/5\/2026\/01\/d286fbe3-be93-4147-bcc6-7ad3090a6cfe-md-e1768303048316.jpeg","type":"image\/jpeg"}],"author":"La Gata","twitter_card":"summary_large_image","twitter_misc":{"Escrito por":"La Gata","Tiempo de lectura":"5 minutos"},"schema":{"@context":"https:\/\/schema.org","@graph":[{"@type":"Article","@id":"https:\/\/lagatacongafas.com\/mentesentrelineas\/2026\/01\/13\/ana-karenina-de-lev-tolstoi\/#article","isPartOf":{"@id":"https:\/\/lagatacongafas.com\/mentesentrelineas\/2026\/01\/13\/ana-karenina-de-lev-tolstoi\/"},"author":{"name":"La Gata","@id":"https:\/\/lagatacongafas.com\/mentesentrelineas\/#\/schema\/person\/311d6fb9ef63e47a3a36224a60c47b99"},"headline":"Ana Karenina, de Lev Tolstoi","datePublished":"2026-01-13T11:18:40+00:00","dateModified":"2026-01-13T11:18:42+00:00","mainEntityOfPage":{"@id":"https:\/\/lagatacongafas.com\/mentesentrelineas\/2026\/01\/13\/ana-karenina-de-lev-tolstoi\/"},"wordCount":948,"commentCount":0,"image":{"@id":"https:\/\/lagatacongafas.com\/mentesentrelineas\/2026\/01\/13\/ana-karenina-de-lev-tolstoi\/#primaryimage"},"thumbnailUrl":"https:\/\/lagatacongafas.com\/mentesentrelineas\/wp-content\/uploads\/sites\/5\/2026\/01\/d286fbe3-be93-4147-bcc6-7ad3090a6cfe-md-e1768303048316.jpeg","keywords":["Ana Karenina"],"articleSection":["Personajes"],"inLanguage":"es","potentialAction":[{"@type":"CommentAction","name":"Comment","target":["https:\/\/lagatacongafas.com\/mentesentrelineas\/2026\/01\/13\/ana-karenina-de-lev-tolstoi\/#respond"]}]},{"@type":"WebPage","@id":"https:\/\/lagatacongafas.com\/mentesentrelineas\/2026\/01\/13\/ana-karenina-de-lev-tolstoi\/","url":"https:\/\/lagatacongafas.com\/mentesentrelineas\/2026\/01\/13\/ana-karenina-de-lev-tolstoi\/","name":"Ana Karenina, de Lev Tolstoi - Mentes entre l\u00edneas","isPartOf":{"@id":"https:\/\/lagatacongafas.com\/mentesentrelineas\/#website"},"primaryImageOfPage":{"@id":"https:\/\/lagatacongafas.com\/mentesentrelineas\/2026\/01\/13\/ana-karenina-de-lev-tolstoi\/#primaryimage"},"image":{"@id":"https:\/\/lagatacongafas.com\/mentesentrelineas\/2026\/01\/13\/ana-karenina-de-lev-tolstoi\/#primaryimage"},"thumbnailUrl":"https:\/\/lagatacongafas.com\/mentesentrelineas\/wp-content\/uploads\/sites\/5\/2026\/01\/d286fbe3-be93-4147-bcc6-7ad3090a6cfe-md-e1768303048316.jpeg","datePublished":"2026-01-13T11:18:40+00:00","dateModified":"2026-01-13T11:18:42+00:00","author":{"@id":"https:\/\/lagatacongafas.com\/mentesentrelineas\/#\/schema\/person\/311d6fb9ef63e47a3a36224a60c47b99"},"breadcrumb":{"@id":"https:\/\/lagatacongafas.com\/mentesentrelineas\/2026\/01\/13\/ana-karenina-de-lev-tolstoi\/#breadcrumb"},"inLanguage":"es","potentialAction":[{"@type":"ReadAction","target":["https:\/\/lagatacongafas.com\/mentesentrelineas\/2026\/01\/13\/ana-karenina-de-lev-tolstoi\/"]}]},{"@type":"ImageObject","inLanguage":"es","@id":"https:\/\/lagatacongafas.com\/mentesentrelineas\/2026\/01\/13\/ana-karenina-de-lev-tolstoi\/#primaryimage","url":"https:\/\/lagatacongafas.com\/mentesentrelineas\/wp-content\/uploads\/sites\/5\/2026\/01\/d286fbe3-be93-4147-bcc6-7ad3090a6cfe-md-e1768303048316.jpeg","contentUrl":"https:\/\/lagatacongafas.com\/mentesentrelineas\/wp-content\/uploads\/sites\/5\/2026\/01\/d286fbe3-be93-4147-bcc6-7ad3090a6cfe-md-e1768303048316.jpeg","width":800,"height":532,"caption":"An\u00e1lisis emocional: Ana Karenina ante la pasi\u00f3n que la libera y la destruye"},{"@type":"BreadcrumbList","@id":"https:\/\/lagatacongafas.com\/mentesentrelineas\/2026\/01\/13\/ana-karenina-de-lev-tolstoi\/#breadcrumb","itemListElement":[{"@type":"ListItem","position":1,"name":"Portada","item":"https:\/\/lagatacongafas.com\/mentesentrelineas\/"},{"@type":"ListItem","position":2,"name":"Ana Karenina, de Lev Tolstoi"}]},{"@type":"WebSite","@id":"https:\/\/lagatacongafas.com\/mentesentrelineas\/#website","url":"https:\/\/lagatacongafas.com\/mentesentrelineas\/","name":"Mentes entre l\u00edneas","description":"","potentialAction":[{"@type":"SearchAction","target":{"@type":"EntryPoint","urlTemplate":"https:\/\/lagatacongafas.com\/mentesentrelineas\/?s={search_term_string}"},"query-input":{"@type":"PropertyValueSpecification","valueRequired":true,"valueName":"search_term_string"}}],"inLanguage":"es"},{"@type":"Person","@id":"https:\/\/lagatacongafas.com\/mentesentrelineas\/#\/schema\/person\/311d6fb9ef63e47a3a36224a60c47b99","name":"La Gata","image":{"@type":"ImageObject","inLanguage":"es","@id":"https:\/\/secure.gravatar.com\/avatar\/e952ad62e08be1daabaefebd12d26c1e5fbfd687693aaa066db2433a21638ad8?s=96&d=mm&r=g","url":"https:\/\/secure.gravatar.com\/avatar\/e952ad62e08be1daabaefebd12d26c1e5fbfd687693aaa066db2433a21638ad8?s=96&d=mm&r=g","contentUrl":"https:\/\/secure.gravatar.com\/avatar\/e952ad62e08be1daabaefebd12d26c1e5fbfd687693aaa066db2433a21638ad8?s=96&d=mm&r=g","caption":"La Gata"},"sameAs":["http:\/\/lagatacongafas.com"],"url":"https:\/\/lagatacongafas.com\/mentesentrelineas\/author\/nuriapn\/"}]}},"_links":{"self":[{"href":"https:\/\/lagatacongafas.com\/mentesentrelineas\/wp-json\/wp\/v2\/posts\/310","targetHints":{"allow":["GET"]}}],"collection":[{"href":"https:\/\/lagatacongafas.com\/mentesentrelineas\/wp-json\/wp\/v2\/posts"}],"about":[{"href":"https:\/\/lagatacongafas.com\/mentesentrelineas\/wp-json\/wp\/v2\/types\/post"}],"author":[{"embeddable":true,"href":"https:\/\/lagatacongafas.com\/mentesentrelineas\/wp-json\/wp\/v2\/users\/1"}],"replies":[{"embeddable":true,"href":"https:\/\/lagatacongafas.com\/mentesentrelineas\/wp-json\/wp\/v2\/comments?post=310"}],"version-history":[{"count":1,"href":"https:\/\/lagatacongafas.com\/mentesentrelineas\/wp-json\/wp\/v2\/posts\/310\/revisions"}],"predecessor-version":[{"id":312,"href":"https:\/\/lagatacongafas.com\/mentesentrelineas\/wp-json\/wp\/v2\/posts\/310\/revisions\/312"}],"wp:featuredmedia":[{"embeddable":true,"href":"https:\/\/lagatacongafas.com\/mentesentrelineas\/wp-json\/wp\/v2\/media\/311"}],"wp:attachment":[{"href":"https:\/\/lagatacongafas.com\/mentesentrelineas\/wp-json\/wp\/v2\/media?parent=310"}],"wp:term":[{"taxonomy":"category","embeddable":true,"href":"https:\/\/lagatacongafas.com\/mentesentrelineas\/wp-json\/wp\/v2\/categories?post=310"},{"taxonomy":"post_tag","embeddable":true,"href":"https:\/\/lagatacongafas.com\/mentesentrelineas\/wp-json\/wp\/v2\/tags?post=310"}],"curies":[{"name":"wp","href":"https:\/\/api.w.org\/{rel}","templated":true}]}}