{"id":239,"date":"2025-10-07T12:02:39","date_gmt":"2025-10-07T10:02:39","guid":{"rendered":"https:\/\/lagatacongafas.com\/mentesentrelineas\/?p=239"},"modified":"2025-12-19T09:41:55","modified_gmt":"2025-12-19T08:41:55","slug":"atrapado-en-la-chimenea","status":"publish","type":"post","link":"https:\/\/lagatacongafas.com\/mentesentrelineas\/2025\/10\/07\/atrapado-en-la-chimenea\/","title":{"rendered":"Thomas, Atrapado en la chimenea"},"content":{"rendered":"\n<h2 class=\"wp-block-heading\" id=\"h-thomas-deshollinador-9-anos-atrapado-en-una-chimenea-en-bibury\"><strong>Thomas, deshollinador, 9 a\u00f1os, atrapado en una chimenea en Bibury.<\/strong><\/h2>\n\n\n\n<p><strong>Contexto narrativo:<\/strong><br>Thomas es uno de los tantos ni\u00f1os pobres obligados a trabajar como deshollinadores en la Inglaterra victoriana. Con apenas nueve a\u00f1os, su cuerpo es delgado y flexible, pero su vida es dura y breve. Ese d\u00eda lo env\u00edan a limpiar una chimenea especialmente estrecha. Sube, como siempre, con el cepillo y un saco. Pero en mitad del conducto queda atascado. Se raspa, grita, intenta retroceder. Nadie lo oye. Nadie viene. Y \u00e9l comprende, con la lucidez brutal de los ni\u00f1os que han visto demasiado, que ese hueco oscuro puede ser su tumba.<\/p>\n\n\n\n<h3 class=\"wp-block-heading\" id=\"h-el-momento-del-atascamiento-cuerpo-en-panico\"><strong>El momento del atascamiento: cuerpo en p\u00e1nico<\/strong><\/h3>\n\n\n\n<p>Al quedar atrapado, el cuerpo de Thomas reacciona antes que su mente:<\/p>\n\n\n\n<ul class=\"wp-block-list\">\n<li><strong>Respiraci\u00f3n entrecortada y sofocante<\/strong>, pecho comprimido por el espacio m\u00ednimo.<\/li>\n\n\n\n<li><strong>Esfuerzos desesperados<\/strong>: ara\u00f1a las paredes con u\u00f1as sucias, empuja con rodillas y codos, se golpea en el intento de soltarse.<\/li>\n\n\n\n<li><strong>Sudor fr\u00edo y l\u00e1grimas mezcladas con holl\u00edn<\/strong>, que le resbalan por la cara.<\/li>\n\n\n\n<li><strong>Gritos ahogados<\/strong>: primero fuertes, luego apenas un sollozo ronco, hasta que la voz se apaga.<\/li>\n<\/ul>\n\n\n\n<p>El espacio f\u00edsico no es solo estrecho: es un ata\u00fad vertical, sin luz. Su cuerpo ya no es suyo; es un peso atrapado.<\/p>\n\n\n\n<h3 class=\"wp-block-heading\" id=\"h-la-mente-en-ese-instante-panico-y-claridad-cruel\"><strong>La mente en ese instante: p\u00e1nico y claridad cruel<\/strong><\/h3>\n\n\n\n<p>En los primeros segundos hay <strong>p\u00e1nico puro<\/strong>: pensamientos fragmentados, ca\u00f3ticos (\u201c\u00a1Me muero, no puedo, ayuda!\u201d). Pero muy pronto, como ocurre a veces en situaciones extremas, aparece una <strong>claridad cruel<\/strong>:<\/p>\n\n\n\n<ul class=\"wp-block-list\">\n<li>Recuerda los castigos de su maestro de oficio: \u201cSi te quedas atascado, no grites mucho, nadie va a venir enseguida\u201d.<\/li>\n\n\n\n<li>Piensa en su madre, en la sopa aguada que lo espera en casa, en la promesa que le hizo de volver temprano.<\/li>\n\n\n\n<li>Sabe, aunque es un ni\u00f1o, que en la casa nadie lo rescatar\u00e1 r\u00e1pido. Que es pobre. Que su vida no es prioridad.<\/li>\n<\/ul>\n\n\n\n<p>Esa conciencia no es intelectual, es visceral. Thomas <strong>sabe<\/strong> lo que significa ser \u00e9l, en ese tiempo y en ese lugar.<\/p>\n\n\n\n<h3 class=\"wp-block-heading\" id=\"h-del-miedo-a-la-desesperanza-transicion-emocional\"><strong>Del miedo a la desesperanza: transici\u00f3n emocional<\/strong><\/h3>\n\n\n\n<p>Al comprender que nadie viene, su emoci\u00f3n cambia:<\/p>\n\n\n\n<ul class=\"wp-block-list\">\n<li><strong>Miedo \u2192 Desesperaci\u00f3n \u2192 Resignaci\u00f3n atroz.<\/strong><\/li>\n\n\n\n<li>Deja de gritar tanto. Comienza a sollozar quedo, a murmurar palabras para s\u00ed.<\/li>\n\n\n\n<li>Se disocia: ve en su mente im\u00e1genes de prados, de luz, de cosas que no est\u00e1n ah\u00ed. (Los ni\u00f1os en peligro extremo suelen tener fantas\u00edas de escape).<\/li>\n\n\n\n<li>Se aferra a un \u00faltimo deseo: que alguien lo encuentre, aunque sea tarde.<\/li>\n<\/ul>\n\n\n\n<p>Esta es la <strong>muerte emocional antes de la f\u00edsica<\/strong>. Es el instante en que un ni\u00f1o deja de esperar ayuda.<\/p>\n\n\n\n<h3 class=\"wp-block-heading\" id=\"h-perfil-emocional-thomas-nino-deshollinador-en-bibury\"><strong>Perfil emocional: Thomas (ni\u00f1o deshollinador en Bibury)<\/strong><\/h3>\n\n\n\n<ul class=\"wp-block-list\">\n<li><strong>Emoci\u00f3n dominante inicial:<\/strong> miedo extremo (p\u00e1nico fisiol\u00f3gico).<\/li>\n\n\n\n<li><strong>Evoluci\u00f3n:<\/strong> p\u00e1nico \u2192 desesperaci\u00f3n \u2192 resignaci\u00f3n disociativa.<\/li>\n\n\n\n<li><strong>Estado cognitivo:<\/strong> conciencia l\u00facida de su vulnerabilidad; pensamientos infantiles mezclados con madurez forzada.<\/li>\n\n\n\n<li><strong>Mecanismos de defensa:<\/strong> fantas\u00eda de escape, recuerdos agradables como anestesia ps\u00edquica.<\/li>\n\n\n\n<li><strong>Consecuencia narrativa:<\/strong> s\u00edmbolo de la infancia explotada y sin voz; el hueco de la chimenea como met\u00e1fora del hueco social.<\/li>\n<\/ul>\n\n\n\n<h3 class=\"wp-block-heading\" id=\"h-como-narrar-esta-escena-para-un-escritor\"><strong>C\u00f3mo narrar esta escena para un escritor:<\/strong><\/h3>\n\n\n\n<ul class=\"wp-block-list\">\n<li><strong>Cuerpo<\/strong>: mostrar la lucha f\u00edsica (ara\u00f1ar, toser, respirar polvo y holl\u00edn).<\/li>\n\n\n\n<li><strong>Sensorialidad<\/strong>: enfatizar la oscuridad absoluta, el calor sofocante, la textura \u00e1spera de la chimenea.<\/li>\n\n\n\n<li><strong>Pensamientos<\/strong>: frases breves, repetitivas, mezclando s\u00faplicas con recuerdos (\u201cMam\u00e1\u2026 no puedo\u2026 mam\u00e1\u2026\u201d).<\/li>\n\n\n\n<li><strong>Evoluci\u00f3n emocional<\/strong>: del ruido al silencio, del movimiento fren\u00e9tico a la quietud, del presente al recuerdo.<\/li>\n<\/ul>\n\n\n\n<p>Este arco emocional, de p\u00e1nico a resignaci\u00f3n, es potent\u00edsimo en narrativa. Permite no solo conmover, sino <strong>mostrar la psicolog\u00eda de un ni\u00f1o que entiende su destino antes de tiempo<\/strong>, como un eco de toda una clase social olvidada.<\/p>\n\n\n\n<p><strong>Conclusi\u00f3n:<\/strong><br>Thomas no es solo un ni\u00f1o atrapado en una chimenea. Es la encarnaci\u00f3n de una infancia invisible, sin refugio, sin voz. Su escena no habla solo de muerte, sino de abandono y desigualdad. Narrar un personaje as\u00ed exige no convertirlo en v\u00edctima pasiva, sino en testigo: su conciencia infantil, sus \u00faltimos pensamientos, su cuerpo que lucha, lo vuelven inolvidable.<\/p>\n","protected":false},"excerpt":{"rendered":"<p>\u00bfC\u00f3mo se siente un ni\u00f1o atrapado sin ayuda en una chimenea?<\/p>\n","protected":false},"author":1,"featured_media":240,"comment_status":"open","ping_status":"open","sticky":false,"template":"","format":"standard","meta":{"_acf_changed":false,"footnotes":""},"categories":[26],"tags":[],"class_list":["post-239","post","type-post","status-publish","format-standard","has-post-thumbnail","hentry","category-personajes"],"acf":[],"yoast_head":"<!-- This site is optimized with the Yoast SEO Premium plugin v26.6 (Yoast SEO v27.4) - https:\/\/yoast.com\/product\/yoast-seo-premium-wordpress\/ -->\n<title>Thomas, Atrapado en la chimenea - Mentes entre l\u00edneas<\/title>\n<meta name=\"robots\" content=\"index, follow, max-snippet:-1, max-image-preview:large, max-video-preview:-1\" \/>\n<link rel=\"canonical\" href=\"https:\/\/lagatacongafas.com\/mentesentrelineas\/2025\/10\/07\/atrapado-en-la-chimenea\/\" \/>\n<meta property=\"og:locale\" content=\"es_ES\" \/>\n<meta property=\"og:type\" content=\"article\" \/>\n<meta property=\"og:title\" content=\"Thomas, Atrapado en la chimenea\" \/>\n<meta property=\"og:description\" content=\"\u00bfC\u00f3mo se siente un ni\u00f1o atrapado sin ayuda en una chimenea?\" \/>\n<meta property=\"og:url\" content=\"https:\/\/lagatacongafas.com\/mentesentrelineas\/2025\/10\/07\/atrapado-en-la-chimenea\/\" \/>\n<meta property=\"og:site_name\" content=\"Mentes entre l\u00edneas\" \/>\n<meta property=\"article:published_time\" content=\"2025-10-07T10:02:39+00:00\" \/>\n<meta property=\"article:modified_time\" content=\"2025-12-19T08:41:55+00:00\" \/>\n<meta property=\"og:image\" content=\"https:\/\/lagatacongafas.com\/mentesentrelineas\/wp-content\/uploads\/sites\/5\/2025\/10\/presentacion-de-libro-scaled.jpg\" \/>\n\t<meta property=\"og:image:width\" content=\"2560\" \/>\n\t<meta property=\"og:image:height\" content=\"1280\" \/>\n\t<meta property=\"og:image:type\" content=\"image\/jpeg\" \/>\n<meta name=\"author\" content=\"La Gata\" \/>\n<meta name=\"twitter:card\" content=\"summary_large_image\" \/>\n<meta name=\"twitter:label1\" content=\"Escrito por\" \/>\n\t<meta name=\"twitter:data1\" content=\"La Gata\" \/>\n\t<meta name=\"twitter:label2\" content=\"Tiempo de lectura\" \/>\n\t<meta name=\"twitter:data2\" content=\"4 minutos\" \/>\n<script type=\"application\/ld+json\" class=\"yoast-schema-graph\">{\"@context\":\"https:\\\/\\\/schema.org\",\"@graph\":[{\"@type\":\"Article\",\"@id\":\"https:\\\/\\\/lagatacongafas.com\\\/mentesentrelineas\\\/2025\\\/10\\\/07\\\/atrapado-en-la-chimenea\\\/#article\",\"isPartOf\":{\"@id\":\"https:\\\/\\\/lagatacongafas.com\\\/mentesentrelineas\\\/2025\\\/10\\\/07\\\/atrapado-en-la-chimenea\\\/\"},\"author\":{\"name\":\"La Gata\",\"@id\":\"https:\\\/\\\/lagatacongafas.com\\\/mentesentrelineas\\\/#\\\/schema\\\/person\\\/311d6fb9ef63e47a3a36224a60c47b99\"},\"headline\":\"Thomas, Atrapado en la chimenea\",\"datePublished\":\"2025-10-07T10:02:39+00:00\",\"dateModified\":\"2025-12-19T08:41:55+00:00\",\"mainEntityOfPage\":{\"@id\":\"https:\\\/\\\/lagatacongafas.com\\\/mentesentrelineas\\\/2025\\\/10\\\/07\\\/atrapado-en-la-chimenea\\\/\"},\"wordCount\":704,\"commentCount\":0,\"image\":{\"@id\":\"https:\\\/\\\/lagatacongafas.com\\\/mentesentrelineas\\\/2025\\\/10\\\/07\\\/atrapado-en-la-chimenea\\\/#primaryimage\"},\"thumbnailUrl\":\"https:\\\/\\\/lagatacongafas.com\\\/mentesentrelineas\\\/wp-content\\\/uploads\\\/sites\\\/5\\\/2025\\\/10\\\/presentacion-de-libro-scaled.jpg\",\"articleSection\":[\"Personajes\"],\"inLanguage\":\"es\",\"potentialAction\":[{\"@type\":\"CommentAction\",\"name\":\"Comment\",\"target\":[\"https:\\\/\\\/lagatacongafas.com\\\/mentesentrelineas\\\/2025\\\/10\\\/07\\\/atrapado-en-la-chimenea\\\/#respond\"]}]},{\"@type\":\"WebPage\",\"@id\":\"https:\\\/\\\/lagatacongafas.com\\\/mentesentrelineas\\\/2025\\\/10\\\/07\\\/atrapado-en-la-chimenea\\\/\",\"url\":\"https:\\\/\\\/lagatacongafas.com\\\/mentesentrelineas\\\/2025\\\/10\\\/07\\\/atrapado-en-la-chimenea\\\/\",\"name\":\"Thomas, Atrapado en la chimenea - Mentes entre l\u00edneas\",\"isPartOf\":{\"@id\":\"https:\\\/\\\/lagatacongafas.com\\\/mentesentrelineas\\\/#website\"},\"primaryImageOfPage\":{\"@id\":\"https:\\\/\\\/lagatacongafas.com\\\/mentesentrelineas\\\/2025\\\/10\\\/07\\\/atrapado-en-la-chimenea\\\/#primaryimage\"},\"image\":{\"@id\":\"https:\\\/\\\/lagatacongafas.com\\\/mentesentrelineas\\\/2025\\\/10\\\/07\\\/atrapado-en-la-chimenea\\\/#primaryimage\"},\"thumbnailUrl\":\"https:\\\/\\\/lagatacongafas.com\\\/mentesentrelineas\\\/wp-content\\\/uploads\\\/sites\\\/5\\\/2025\\\/10\\\/presentacion-de-libro-scaled.jpg\",\"datePublished\":\"2025-10-07T10:02:39+00:00\",\"dateModified\":\"2025-12-19T08:41:55+00:00\",\"author\":{\"@id\":\"https:\\\/\\\/lagatacongafas.com\\\/mentesentrelineas\\\/#\\\/schema\\\/person\\\/311d6fb9ef63e47a3a36224a60c47b99\"},\"breadcrumb\":{\"@id\":\"https:\\\/\\\/lagatacongafas.com\\\/mentesentrelineas\\\/2025\\\/10\\\/07\\\/atrapado-en-la-chimenea\\\/#breadcrumb\"},\"inLanguage\":\"es\",\"potentialAction\":[{\"@type\":\"ReadAction\",\"target\":[\"https:\\\/\\\/lagatacongafas.com\\\/mentesentrelineas\\\/2025\\\/10\\\/07\\\/atrapado-en-la-chimenea\\\/\"]}]},{\"@type\":\"ImageObject\",\"inLanguage\":\"es\",\"@id\":\"https:\\\/\\\/lagatacongafas.com\\\/mentesentrelineas\\\/2025\\\/10\\\/07\\\/atrapado-en-la-chimenea\\\/#primaryimage\",\"url\":\"https:\\\/\\\/lagatacongafas.com\\\/mentesentrelineas\\\/wp-content\\\/uploads\\\/sites\\\/5\\\/2025\\\/10\\\/presentacion-de-libro-scaled.jpg\",\"contentUrl\":\"https:\\\/\\\/lagatacongafas.com\\\/mentesentrelineas\\\/wp-content\\\/uploads\\\/sites\\\/5\\\/2025\\\/10\\\/presentacion-de-libro-scaled.jpg\",\"width\":2560,\"height\":1280},{\"@type\":\"BreadcrumbList\",\"@id\":\"https:\\\/\\\/lagatacongafas.com\\\/mentesentrelineas\\\/2025\\\/10\\\/07\\\/atrapado-en-la-chimenea\\\/#breadcrumb\",\"itemListElement\":[{\"@type\":\"ListItem\",\"position\":1,\"name\":\"Portada\",\"item\":\"https:\\\/\\\/lagatacongafas.com\\\/mentesentrelineas\\\/\"},{\"@type\":\"ListItem\",\"position\":2,\"name\":\"Thomas, Atrapado en la chimenea\"}]},{\"@type\":\"WebSite\",\"@id\":\"https:\\\/\\\/lagatacongafas.com\\\/mentesentrelineas\\\/#website\",\"url\":\"https:\\\/\\\/lagatacongafas.com\\\/mentesentrelineas\\\/\",\"name\":\"Mentes entre l\u00edneas\",\"description\":\"\",\"potentialAction\":[{\"@type\":\"SearchAction\",\"target\":{\"@type\":\"EntryPoint\",\"urlTemplate\":\"https:\\\/\\\/lagatacongafas.com\\\/mentesentrelineas\\\/?s={search_term_string}\"},\"query-input\":{\"@type\":\"PropertyValueSpecification\",\"valueRequired\":true,\"valueName\":\"search_term_string\"}}],\"inLanguage\":\"es\"},{\"@type\":\"Person\",\"@id\":\"https:\\\/\\\/lagatacongafas.com\\\/mentesentrelineas\\\/#\\\/schema\\\/person\\\/311d6fb9ef63e47a3a36224a60c47b99\",\"name\":\"La Gata\",\"image\":{\"@type\":\"ImageObject\",\"inLanguage\":\"es\",\"@id\":\"https:\\\/\\\/secure.gravatar.com\\\/avatar\\\/e952ad62e08be1daabaefebd12d26c1e5fbfd687693aaa066db2433a21638ad8?s=96&d=mm&r=g\",\"url\":\"https:\\\/\\\/secure.gravatar.com\\\/avatar\\\/e952ad62e08be1daabaefebd12d26c1e5fbfd687693aaa066db2433a21638ad8?s=96&d=mm&r=g\",\"contentUrl\":\"https:\\\/\\\/secure.gravatar.com\\\/avatar\\\/e952ad62e08be1daabaefebd12d26c1e5fbfd687693aaa066db2433a21638ad8?s=96&d=mm&r=g\",\"caption\":\"La Gata\"},\"sameAs\":[\"http:\\\/\\\/lagatacongafas.com\"],\"url\":\"https:\\\/\\\/lagatacongafas.com\\\/mentesentrelineas\\\/author\\\/nuriapn\\\/\"}]}<\/script>\n<!-- \/ Yoast SEO Premium plugin. -->","yoast_head_json":{"title":"Thomas, Atrapado en la chimenea - Mentes entre l\u00edneas","robots":{"index":"index","follow":"follow","max-snippet":"max-snippet:-1","max-image-preview":"max-image-preview:large","max-video-preview":"max-video-preview:-1"},"canonical":"https:\/\/lagatacongafas.com\/mentesentrelineas\/2025\/10\/07\/atrapado-en-la-chimenea\/","og_locale":"es_ES","og_type":"article","og_title":"Thomas, Atrapado en la chimenea","og_description":"\u00bfC\u00f3mo se siente un ni\u00f1o atrapado sin ayuda en una chimenea?","og_url":"https:\/\/lagatacongafas.com\/mentesentrelineas\/2025\/10\/07\/atrapado-en-la-chimenea\/","og_site_name":"Mentes entre l\u00edneas","article_published_time":"2025-10-07T10:02:39+00:00","article_modified_time":"2025-12-19T08:41:55+00:00","og_image":[{"width":2560,"height":1280,"url":"https:\/\/lagatacongafas.com\/mentesentrelineas\/wp-content\/uploads\/sites\/5\/2025\/10\/presentacion-de-libro-scaled.jpg","type":"image\/jpeg"}],"author":"La Gata","twitter_card":"summary_large_image","twitter_misc":{"Escrito por":"La Gata","Tiempo de lectura":"4 minutos"},"schema":{"@context":"https:\/\/schema.org","@graph":[{"@type":"Article","@id":"https:\/\/lagatacongafas.com\/mentesentrelineas\/2025\/10\/07\/atrapado-en-la-chimenea\/#article","isPartOf":{"@id":"https:\/\/lagatacongafas.com\/mentesentrelineas\/2025\/10\/07\/atrapado-en-la-chimenea\/"},"author":{"name":"La Gata","@id":"https:\/\/lagatacongafas.com\/mentesentrelineas\/#\/schema\/person\/311d6fb9ef63e47a3a36224a60c47b99"},"headline":"Thomas, Atrapado en la chimenea","datePublished":"2025-10-07T10:02:39+00:00","dateModified":"2025-12-19T08:41:55+00:00","mainEntityOfPage":{"@id":"https:\/\/lagatacongafas.com\/mentesentrelineas\/2025\/10\/07\/atrapado-en-la-chimenea\/"},"wordCount":704,"commentCount":0,"image":{"@id":"https:\/\/lagatacongafas.com\/mentesentrelineas\/2025\/10\/07\/atrapado-en-la-chimenea\/#primaryimage"},"thumbnailUrl":"https:\/\/lagatacongafas.com\/mentesentrelineas\/wp-content\/uploads\/sites\/5\/2025\/10\/presentacion-de-libro-scaled.jpg","articleSection":["Personajes"],"inLanguage":"es","potentialAction":[{"@type":"CommentAction","name":"Comment","target":["https:\/\/lagatacongafas.com\/mentesentrelineas\/2025\/10\/07\/atrapado-en-la-chimenea\/#respond"]}]},{"@type":"WebPage","@id":"https:\/\/lagatacongafas.com\/mentesentrelineas\/2025\/10\/07\/atrapado-en-la-chimenea\/","url":"https:\/\/lagatacongafas.com\/mentesentrelineas\/2025\/10\/07\/atrapado-en-la-chimenea\/","name":"Thomas, Atrapado en la chimenea - Mentes entre l\u00edneas","isPartOf":{"@id":"https:\/\/lagatacongafas.com\/mentesentrelineas\/#website"},"primaryImageOfPage":{"@id":"https:\/\/lagatacongafas.com\/mentesentrelineas\/2025\/10\/07\/atrapado-en-la-chimenea\/#primaryimage"},"image":{"@id":"https:\/\/lagatacongafas.com\/mentesentrelineas\/2025\/10\/07\/atrapado-en-la-chimenea\/#primaryimage"},"thumbnailUrl":"https:\/\/lagatacongafas.com\/mentesentrelineas\/wp-content\/uploads\/sites\/5\/2025\/10\/presentacion-de-libro-scaled.jpg","datePublished":"2025-10-07T10:02:39+00:00","dateModified":"2025-12-19T08:41:55+00:00","author":{"@id":"https:\/\/lagatacongafas.com\/mentesentrelineas\/#\/schema\/person\/311d6fb9ef63e47a3a36224a60c47b99"},"breadcrumb":{"@id":"https:\/\/lagatacongafas.com\/mentesentrelineas\/2025\/10\/07\/atrapado-en-la-chimenea\/#breadcrumb"},"inLanguage":"es","potentialAction":[{"@type":"ReadAction","target":["https:\/\/lagatacongafas.com\/mentesentrelineas\/2025\/10\/07\/atrapado-en-la-chimenea\/"]}]},{"@type":"ImageObject","inLanguage":"es","@id":"https:\/\/lagatacongafas.com\/mentesentrelineas\/2025\/10\/07\/atrapado-en-la-chimenea\/#primaryimage","url":"https:\/\/lagatacongafas.com\/mentesentrelineas\/wp-content\/uploads\/sites\/5\/2025\/10\/presentacion-de-libro-scaled.jpg","contentUrl":"https:\/\/lagatacongafas.com\/mentesentrelineas\/wp-content\/uploads\/sites\/5\/2025\/10\/presentacion-de-libro-scaled.jpg","width":2560,"height":1280},{"@type":"BreadcrumbList","@id":"https:\/\/lagatacongafas.com\/mentesentrelineas\/2025\/10\/07\/atrapado-en-la-chimenea\/#breadcrumb","itemListElement":[{"@type":"ListItem","position":1,"name":"Portada","item":"https:\/\/lagatacongafas.com\/mentesentrelineas\/"},{"@type":"ListItem","position":2,"name":"Thomas, Atrapado en la chimenea"}]},{"@type":"WebSite","@id":"https:\/\/lagatacongafas.com\/mentesentrelineas\/#website","url":"https:\/\/lagatacongafas.com\/mentesentrelineas\/","name":"Mentes entre l\u00edneas","description":"","potentialAction":[{"@type":"SearchAction","target":{"@type":"EntryPoint","urlTemplate":"https:\/\/lagatacongafas.com\/mentesentrelineas\/?s={search_term_string}"},"query-input":{"@type":"PropertyValueSpecification","valueRequired":true,"valueName":"search_term_string"}}],"inLanguage":"es"},{"@type":"Person","@id":"https:\/\/lagatacongafas.com\/mentesentrelineas\/#\/schema\/person\/311d6fb9ef63e47a3a36224a60c47b99","name":"La Gata","image":{"@type":"ImageObject","inLanguage":"es","@id":"https:\/\/secure.gravatar.com\/avatar\/e952ad62e08be1daabaefebd12d26c1e5fbfd687693aaa066db2433a21638ad8?s=96&d=mm&r=g","url":"https:\/\/secure.gravatar.com\/avatar\/e952ad62e08be1daabaefebd12d26c1e5fbfd687693aaa066db2433a21638ad8?s=96&d=mm&r=g","contentUrl":"https:\/\/secure.gravatar.com\/avatar\/e952ad62e08be1daabaefebd12d26c1e5fbfd687693aaa066db2433a21638ad8?s=96&d=mm&r=g","caption":"La Gata"},"sameAs":["http:\/\/lagatacongafas.com"],"url":"https:\/\/lagatacongafas.com\/mentesentrelineas\/author\/nuriapn\/"}]}},"_links":{"self":[{"href":"https:\/\/lagatacongafas.com\/mentesentrelineas\/wp-json\/wp\/v2\/posts\/239","targetHints":{"allow":["GET"]}}],"collection":[{"href":"https:\/\/lagatacongafas.com\/mentesentrelineas\/wp-json\/wp\/v2\/posts"}],"about":[{"href":"https:\/\/lagatacongafas.com\/mentesentrelineas\/wp-json\/wp\/v2\/types\/post"}],"author":[{"embeddable":true,"href":"https:\/\/lagatacongafas.com\/mentesentrelineas\/wp-json\/wp\/v2\/users\/1"}],"replies":[{"embeddable":true,"href":"https:\/\/lagatacongafas.com\/mentesentrelineas\/wp-json\/wp\/v2\/comments?post=239"}],"version-history":[{"count":6,"href":"https:\/\/lagatacongafas.com\/mentesentrelineas\/wp-json\/wp\/v2\/posts\/239\/revisions"}],"predecessor-version":[{"id":301,"href":"https:\/\/lagatacongafas.com\/mentesentrelineas\/wp-json\/wp\/v2\/posts\/239\/revisions\/301"}],"wp:featuredmedia":[{"embeddable":true,"href":"https:\/\/lagatacongafas.com\/mentesentrelineas\/wp-json\/wp\/v2\/media\/240"}],"wp:attachment":[{"href":"https:\/\/lagatacongafas.com\/mentesentrelineas\/wp-json\/wp\/v2\/media?parent=239"}],"wp:term":[{"taxonomy":"category","embeddable":true,"href":"https:\/\/lagatacongafas.com\/mentesentrelineas\/wp-json\/wp\/v2\/categories?post=239"},{"taxonomy":"post_tag","embeddable":true,"href":"https:\/\/lagatacongafas.com\/mentesentrelineas\/wp-json\/wp\/v2\/tags?post=239"}],"curies":[{"name":"wp","href":"https:\/\/api.w.org\/{rel}","templated":true}]}}