{"id":141,"date":"2025-07-24T17:40:47","date_gmt":"2025-07-24T15:40:47","guid":{"rendered":"https:\/\/lagatacongafas.com\/mentesentrelineas\/?p=141"},"modified":"2025-07-25T18:08:53","modified_gmt":"2025-07-25T16:08:53","slug":"verguenza","status":"publish","type":"post","link":"https:\/\/lagatacongafas.com\/mentesentrelineas\/2025\/07\/24\/verguenza\/","title":{"rendered":"Verg\u00fcenza"},"content":{"rendered":"\n<h2 class=\"wp-block-heading\"><strong>Verg\u00fcenza: el deseo de desaparecer<\/strong><\/h2>\n\n\n\n<p><strong>Bochorno, humillaci\u00f3n, deshonra, pudor, rid\u00edculo, inseguridad, rubor, sonrojo, incomodidad, retraimiento, inhibici\u00f3n, timidez, torpeza, culpa social, incomprensi\u00f3n, exposici\u00f3n, nerviosismo, juicio externo, miedo al rechazo, ansiedad social.<\/strong><\/p>\n\n\n\n<p>La verg\u00fcenza es una emoci\u00f3n que nos vuelve conscientes de nosotros mismos de la manera m\u00e1s inc\u00f3moda posible. Es la sensaci\u00f3n de haber sido vistos\u2026 <em>mal<\/em>. De haber fallado ante los ojos de otros. A diferencia de la culpa, que se relaciona con lo que uno hace, la verg\u00fcenza se relaciona con lo que uno <em>es<\/em>, o cree ser. Y por eso, cuando un personaje la siente, se retrae, se encoge, se vuelve peque\u00f1o. Desea, de alg\u00fan modo, desaparecer.<\/p>\n\n\n\n<p>Narrarla exige sutileza. Un personaje avergonzado no suele gritar su emoci\u00f3n. M\u00e1s bien la esconde: tartamudea, baja la cabeza, se enrojece, evade el contacto. La verg\u00fcenza es el susurro de \u201cno soy suficiente\u201d que se cuela por dentro y cambia c\u00f3mo se habita el mundo.<\/p>\n\n\n\n<h2 class=\"wp-block-heading\"><strong>El cuerpo avergonzado: retraimiento y huida<\/strong><\/h2>\n\n\n\n<p>El cuerpo bajo verg\u00fcenza se pliega. Hombros hacia adelante, mirada baja, rubor, temblores. Puede haber sudoraci\u00f3n, rigidez, movimientos torpes. El personaje evita hablar, se cubre la cara, o finge una risa inc\u00f3moda. Tambi\u00e9n puede taparse con objetos, cambiar de postura, encogerse en s\u00ed.<\/p>\n\n\n\n<p>En algunos casos, el cuerpo se bloquea completamente: se congela, se queda inm\u00f3vil, como un animal en estado de alerta. Otros huyen f\u00edsicamente: salen de la escena, cambian de tema, se alejan.<\/p>\n\n\n\n<h2 class=\"wp-block-heading\"><strong>La mente bajo juicio: distorsi\u00f3n y autodesprecio<\/strong><\/h2>\n\n\n\n<p>La verg\u00fcenza no piensa con l\u00f3gica, sino con hipersensibilidad. El personaje cree que todos lo miran, que lo juzgan, que ha sido descubierto en su debilidad. Hay pensamientos intrusivos: \u201cQu\u00e9 est\u00fapido soy\u201d, \u201cNo sirvo para esto\u201d, \u201cMe odian\u201d, \u201cSe van a re\u00edr de m\u00ed\u201d.<\/p>\n\n\n\n<p>La verg\u00fcenza genera hiperconciencia del cuerpo, de la voz, de los gestos. La mente se enfoca en el \u201cerror\u201d propio, lo magnifica, lo reproduce sin parar. En personajes inseguros o con traumas previos, puede instalarse durante a\u00f1os.<\/p>\n\n\n\n<h2 class=\"wp-block-heading\"><strong>Conductas impulsadas por la verg\u00fcenza: evitaci\u00f3n, disfraz o agresi\u00f3n<\/strong><\/h2>\n\n\n\n<p>Ante la verg\u00fcenza, algunos personajes evitan lo que los pone en exposici\u00f3n: no hablan en p\u00fablico, no defienden su postura, no expresan deseos. Otros intentan disimularla con humor, arrogancia o incluso agresividad. Atacan antes de ser se\u00f1alados. Algunos se vuelven perfeccionistas, intentando controlar cada aspecto de su conducta para no volver a \u201cfallar\u201d.<\/p>\n\n\n\n<p>En ciertos casos, la verg\u00fcenza lleva al aislamiento. El personaje se retira del mundo social, se vuelve herm\u00e9tico, pierde espontaneidad. O se mimetiza con lo que se espera de \u00e9l, sin mostrar nunca qui\u00e9n es de verdad.<\/p>\n\n\n\n<h2 class=\"wp-block-heading\"><strong>Ejemplos literarios: verg\u00fcenza encarnada<\/strong><\/h2>\n\n\n\n<h3 class=\"wp-block-heading\"><strong>1. Hombre: Arthur Fleck (Joker), en <em>Joker<\/em> de Todd Phillips (adaptaci\u00f3n literaria incluida)<\/strong><\/h3>\n\n\n\n<p>Arthur vive marcado por la humillaci\u00f3n social: ridiculizado, ignorado, abusado. La verg\u00fcenza lo habita desde la infancia. Su risa incontrolable \u2014s\u00edntoma de su condici\u00f3n neurol\u00f3gica\u2014 lo delata, lo expone, lo convierte en blanco. En \u00e9l, la verg\u00fcenza se transforma en rabia. Pero antes de ser monstruo, fue v\u00edctima. El relato muestra c\u00f3mo la verg\u00fcenza prolongada puede desfigurar la identidad y borrar la frontera entre dolor y furia.<\/p>\n\n\n\n<h3 class=\"wp-block-heading\"><strong>2. Mujer: Tess Durbeyfield, en <em>Tess, la de los d\u2019Urberville<\/em> de Thomas Hardy<\/strong><\/h3>\n\n\n\n<p>Tess es una joven humillada por una sociedad patriarcal que la juzga por lo que sufre, no por lo que hace. Su verg\u00fcenza no nace de una falta moral, sino de la violencia ejercida sobre ella. Sin embargo, la cultura que la rodea la empuja al silencio, al aislamiento, a una vida donde cada gesto est\u00e1 te\u00f1ido por la sensaci\u00f3n de no ser digna. Hardy la retrata con ternura y crudeza, mostrando c\u00f3mo la verg\u00fcenza puede marcar la vida entera de una mujer.<\/p>\n\n\n\n<h3 class=\"wp-block-heading\"><strong>3. Ni\u00f1o: Charlie Bucket, en <em>Charlie y la f\u00e1brica de chocolate<\/em> de Roald Dahl<\/strong><\/h3>\n\n\n\n<p>Aunque Charlie es noble y generoso, vive en una pobreza tal que muchas veces experimenta verg\u00fcenza por no tener lo que otros tienen. Se averg\u00fcenza de su ropa, de su situaci\u00f3n, del deseo que no puede satisfacer. Dahl insin\u00faa esta emoci\u00f3n en los silencios de Charlie, en su humildad casi excesiva. La suya es una verg\u00fcenza contenida, que convive con la dignidad. Su evoluci\u00f3n muestra c\u00f3mo la bondad puede sobrevivir incluso en medio del pudor m\u00e1s profundo.<\/p>\n\n\n\n<h2 class=\"wp-block-heading\"><strong>Cierre: la verg\u00fcenza como fractura del yo<\/strong><\/h2>\n\n\n\n<p>Un personaje que siente verg\u00fcenza est\u00e1 en tensi\u00f3n con su imagen. Es alguien que, de alg\u00fan modo, ha sido arrojado a un espejo deformado. Narrar la verg\u00fcenza con sensibilidad es mostrar ese reflejo distorsionado\u2026 y el deseo, \u00edntimo y poderoso, de recuperar la propia voz.<\/p>\n\n\n\n<p>La verg\u00fcenza es una emoci\u00f3n que nos vuelve fr\u00e1giles. Pero tambi\u00e9n, si se atraviesa con compasi\u00f3n, puede ser el principio de una nueva dignidad. Porque lo contrario de la verg\u00fcenza no es el orgullo, sino la aceptaci\u00f3n.<\/p>\n","protected":false},"excerpt":{"rendered":"<p>Bochorno, humillaci\u00f3n, deshonra, pudor, rid\u00edculo, inseguridad, rubor, sonrojo, incomodidad, retraimiento, inhibici\u00f3n, timidez, torpeza, culpa social, incomprensi\u00f3n, exposici\u00f3n, nerviosismo, juicio externo, miedo al rechazo, ansiedad social.<\/p>\n","protected":false},"author":1,"featured_media":142,"comment_status":"open","ping_status":"open","sticky":false,"template":"","format":"standard","meta":{"_acf_changed":false,"footnotes":""},"categories":[29],"tags":[34],"class_list":["post-141","post","type-post","status-publish","format-standard","has-post-thumbnail","hentry","category-emocionario","tag-verguenza"],"acf":[],"yoast_head":"<!-- This site is optimized with the Yoast SEO Premium plugin v26.6 (Yoast SEO v27.4) - https:\/\/yoast.com\/product\/yoast-seo-premium-wordpress\/ -->\n<title>Verg\u00fcenza - Mentes entre l\u00edneas<\/title>\n<meta name=\"robots\" content=\"index, follow, max-snippet:-1, max-image-preview:large, max-video-preview:-1\" \/>\n<link rel=\"canonical\" href=\"https:\/\/lagatacongafas.com\/mentesentrelineas\/2025\/07\/24\/verguenza\/\" \/>\n<meta property=\"og:locale\" content=\"es_ES\" \/>\n<meta property=\"og:type\" content=\"article\" \/>\n<meta property=\"og:title\" content=\"Verg\u00fcenza\" \/>\n<meta property=\"og:description\" content=\"Bochorno, humillaci\u00f3n, deshonra, pudor, rid\u00edculo, inseguridad, rubor, sonrojo, incomodidad, retraimiento, inhibici\u00f3n, timidez, torpeza, culpa social, incomprensi\u00f3n, exposici\u00f3n, nerviosismo, juicio externo, miedo al rechazo, ansiedad social.\" \/>\n<meta property=\"og:url\" content=\"https:\/\/lagatacongafas.com\/mentesentrelineas\/2025\/07\/24\/verguenza\/\" \/>\n<meta property=\"og:site_name\" content=\"Mentes entre l\u00edneas\" \/>\n<meta property=\"article:published_time\" content=\"2025-07-24T15:40:47+00:00\" \/>\n<meta property=\"article:modified_time\" content=\"2025-07-25T16:08:53+00:00\" \/>\n<meta property=\"og:image\" content=\"https:\/\/lagatacongafas.com\/mentesentrelineas\/wp-content\/uploads\/sites\/5\/2025\/07\/57899.jpg\" \/>\n\t<meta property=\"og:image:width\" content=\"1000\" \/>\n\t<meta property=\"og:image:height\" content=\"667\" \/>\n\t<meta property=\"og:image:type\" content=\"image\/jpeg\" \/>\n<meta name=\"author\" content=\"La Gata\" \/>\n<meta name=\"twitter:card\" content=\"summary_large_image\" \/>\n<meta name=\"twitter:label1\" content=\"Escrito por\" \/>\n\t<meta name=\"twitter:data1\" content=\"La Gata\" \/>\n\t<meta name=\"twitter:label2\" content=\"Tiempo de lectura\" \/>\n\t<meta name=\"twitter:data2\" content=\"4 minutos\" \/>\n<script type=\"application\/ld+json\" class=\"yoast-schema-graph\">{\"@context\":\"https:\\\/\\\/schema.org\",\"@graph\":[{\"@type\":\"Article\",\"@id\":\"https:\\\/\\\/lagatacongafas.com\\\/mentesentrelineas\\\/2025\\\/07\\\/24\\\/verguenza\\\/#article\",\"isPartOf\":{\"@id\":\"https:\\\/\\\/lagatacongafas.com\\\/mentesentrelineas\\\/2025\\\/07\\\/24\\\/verguenza\\\/\"},\"author\":{\"name\":\"La Gata\",\"@id\":\"https:\\\/\\\/lagatacongafas.com\\\/mentesentrelineas\\\/#\\\/schema\\\/person\\\/311d6fb9ef63e47a3a36224a60c47b99\"},\"headline\":\"Verg\u00fcenza\",\"datePublished\":\"2025-07-24T15:40:47+00:00\",\"dateModified\":\"2025-07-25T16:08:53+00:00\",\"mainEntityOfPage\":{\"@id\":\"https:\\\/\\\/lagatacongafas.com\\\/mentesentrelineas\\\/2025\\\/07\\\/24\\\/verguenza\\\/\"},\"wordCount\":862,\"commentCount\":0,\"image\":{\"@id\":\"https:\\\/\\\/lagatacongafas.com\\\/mentesentrelineas\\\/2025\\\/07\\\/24\\\/verguenza\\\/#primaryimage\"},\"thumbnailUrl\":\"https:\\\/\\\/lagatacongafas.com\\\/mentesentrelineas\\\/wp-content\\\/uploads\\\/sites\\\/5\\\/2025\\\/07\\\/57899.jpg\",\"keywords\":[\"Verg\u00fcenza\"],\"articleSection\":[\"Emocionario\"],\"inLanguage\":\"es\",\"potentialAction\":[{\"@type\":\"CommentAction\",\"name\":\"Comment\",\"target\":[\"https:\\\/\\\/lagatacongafas.com\\\/mentesentrelineas\\\/2025\\\/07\\\/24\\\/verguenza\\\/#respond\"]}]},{\"@type\":\"WebPage\",\"@id\":\"https:\\\/\\\/lagatacongafas.com\\\/mentesentrelineas\\\/2025\\\/07\\\/24\\\/verguenza\\\/\",\"url\":\"https:\\\/\\\/lagatacongafas.com\\\/mentesentrelineas\\\/2025\\\/07\\\/24\\\/verguenza\\\/\",\"name\":\"Verg\u00fcenza - Mentes entre l\u00edneas\",\"isPartOf\":{\"@id\":\"https:\\\/\\\/lagatacongafas.com\\\/mentesentrelineas\\\/#website\"},\"primaryImageOfPage\":{\"@id\":\"https:\\\/\\\/lagatacongafas.com\\\/mentesentrelineas\\\/2025\\\/07\\\/24\\\/verguenza\\\/#primaryimage\"},\"image\":{\"@id\":\"https:\\\/\\\/lagatacongafas.com\\\/mentesentrelineas\\\/2025\\\/07\\\/24\\\/verguenza\\\/#primaryimage\"},\"thumbnailUrl\":\"https:\\\/\\\/lagatacongafas.com\\\/mentesentrelineas\\\/wp-content\\\/uploads\\\/sites\\\/5\\\/2025\\\/07\\\/57899.jpg\",\"datePublished\":\"2025-07-24T15:40:47+00:00\",\"dateModified\":\"2025-07-25T16:08:53+00:00\",\"author\":{\"@id\":\"https:\\\/\\\/lagatacongafas.com\\\/mentesentrelineas\\\/#\\\/schema\\\/person\\\/311d6fb9ef63e47a3a36224a60c47b99\"},\"breadcrumb\":{\"@id\":\"https:\\\/\\\/lagatacongafas.com\\\/mentesentrelineas\\\/2025\\\/07\\\/24\\\/verguenza\\\/#breadcrumb\"},\"inLanguage\":\"es\",\"potentialAction\":[{\"@type\":\"ReadAction\",\"target\":[\"https:\\\/\\\/lagatacongafas.com\\\/mentesentrelineas\\\/2025\\\/07\\\/24\\\/verguenza\\\/\"]}]},{\"@type\":\"ImageObject\",\"inLanguage\":\"es\",\"@id\":\"https:\\\/\\\/lagatacongafas.com\\\/mentesentrelineas\\\/2025\\\/07\\\/24\\\/verguenza\\\/#primaryimage\",\"url\":\"https:\\\/\\\/lagatacongafas.com\\\/mentesentrelineas\\\/wp-content\\\/uploads\\\/sites\\\/5\\\/2025\\\/07\\\/57899.jpg\",\"contentUrl\":\"https:\\\/\\\/lagatacongafas.com\\\/mentesentrelineas\\\/wp-content\\\/uploads\\\/sites\\\/5\\\/2025\\\/07\\\/57899.jpg\",\"width\":1000,\"height\":667},{\"@type\":\"BreadcrumbList\",\"@id\":\"https:\\\/\\\/lagatacongafas.com\\\/mentesentrelineas\\\/2025\\\/07\\\/24\\\/verguenza\\\/#breadcrumb\",\"itemListElement\":[{\"@type\":\"ListItem\",\"position\":1,\"name\":\"Portada\",\"item\":\"https:\\\/\\\/lagatacongafas.com\\\/mentesentrelineas\\\/\"},{\"@type\":\"ListItem\",\"position\":2,\"name\":\"Verg\u00fcenza\"}]},{\"@type\":\"WebSite\",\"@id\":\"https:\\\/\\\/lagatacongafas.com\\\/mentesentrelineas\\\/#website\",\"url\":\"https:\\\/\\\/lagatacongafas.com\\\/mentesentrelineas\\\/\",\"name\":\"Mentes entre l\u00edneas\",\"description\":\"\",\"potentialAction\":[{\"@type\":\"SearchAction\",\"target\":{\"@type\":\"EntryPoint\",\"urlTemplate\":\"https:\\\/\\\/lagatacongafas.com\\\/mentesentrelineas\\\/?s={search_term_string}\"},\"query-input\":{\"@type\":\"PropertyValueSpecification\",\"valueRequired\":true,\"valueName\":\"search_term_string\"}}],\"inLanguage\":\"es\"},{\"@type\":\"Person\",\"@id\":\"https:\\\/\\\/lagatacongafas.com\\\/mentesentrelineas\\\/#\\\/schema\\\/person\\\/311d6fb9ef63e47a3a36224a60c47b99\",\"name\":\"La Gata\",\"image\":{\"@type\":\"ImageObject\",\"inLanguage\":\"es\",\"@id\":\"https:\\\/\\\/secure.gravatar.com\\\/avatar\\\/e952ad62e08be1daabaefebd12d26c1e5fbfd687693aaa066db2433a21638ad8?s=96&d=mm&r=g\",\"url\":\"https:\\\/\\\/secure.gravatar.com\\\/avatar\\\/e952ad62e08be1daabaefebd12d26c1e5fbfd687693aaa066db2433a21638ad8?s=96&d=mm&r=g\",\"contentUrl\":\"https:\\\/\\\/secure.gravatar.com\\\/avatar\\\/e952ad62e08be1daabaefebd12d26c1e5fbfd687693aaa066db2433a21638ad8?s=96&d=mm&r=g\",\"caption\":\"La Gata\"},\"sameAs\":[\"http:\\\/\\\/lagatacongafas.com\"],\"url\":\"https:\\\/\\\/lagatacongafas.com\\\/mentesentrelineas\\\/author\\\/nuriapn\\\/\"}]}<\/script>\n<!-- \/ Yoast SEO Premium plugin. -->","yoast_head_json":{"title":"Verg\u00fcenza - Mentes entre l\u00edneas","robots":{"index":"index","follow":"follow","max-snippet":"max-snippet:-1","max-image-preview":"max-image-preview:large","max-video-preview":"max-video-preview:-1"},"canonical":"https:\/\/lagatacongafas.com\/mentesentrelineas\/2025\/07\/24\/verguenza\/","og_locale":"es_ES","og_type":"article","og_title":"Verg\u00fcenza","og_description":"Bochorno, humillaci\u00f3n, deshonra, pudor, rid\u00edculo, inseguridad, rubor, sonrojo, incomodidad, retraimiento, inhibici\u00f3n, timidez, torpeza, culpa social, incomprensi\u00f3n, exposici\u00f3n, nerviosismo, juicio externo, miedo al rechazo, ansiedad social.","og_url":"https:\/\/lagatacongafas.com\/mentesentrelineas\/2025\/07\/24\/verguenza\/","og_site_name":"Mentes entre l\u00edneas","article_published_time":"2025-07-24T15:40:47+00:00","article_modified_time":"2025-07-25T16:08:53+00:00","og_image":[{"width":1000,"height":667,"url":"https:\/\/lagatacongafas.com\/mentesentrelineas\/wp-content\/uploads\/sites\/5\/2025\/07\/57899.jpg","type":"image\/jpeg"}],"author":"La Gata","twitter_card":"summary_large_image","twitter_misc":{"Escrito por":"La Gata","Tiempo de lectura":"4 minutos"},"schema":{"@context":"https:\/\/schema.org","@graph":[{"@type":"Article","@id":"https:\/\/lagatacongafas.com\/mentesentrelineas\/2025\/07\/24\/verguenza\/#article","isPartOf":{"@id":"https:\/\/lagatacongafas.com\/mentesentrelineas\/2025\/07\/24\/verguenza\/"},"author":{"name":"La Gata","@id":"https:\/\/lagatacongafas.com\/mentesentrelineas\/#\/schema\/person\/311d6fb9ef63e47a3a36224a60c47b99"},"headline":"Verg\u00fcenza","datePublished":"2025-07-24T15:40:47+00:00","dateModified":"2025-07-25T16:08:53+00:00","mainEntityOfPage":{"@id":"https:\/\/lagatacongafas.com\/mentesentrelineas\/2025\/07\/24\/verguenza\/"},"wordCount":862,"commentCount":0,"image":{"@id":"https:\/\/lagatacongafas.com\/mentesentrelineas\/2025\/07\/24\/verguenza\/#primaryimage"},"thumbnailUrl":"https:\/\/lagatacongafas.com\/mentesentrelineas\/wp-content\/uploads\/sites\/5\/2025\/07\/57899.jpg","keywords":["Verg\u00fcenza"],"articleSection":["Emocionario"],"inLanguage":"es","potentialAction":[{"@type":"CommentAction","name":"Comment","target":["https:\/\/lagatacongafas.com\/mentesentrelineas\/2025\/07\/24\/verguenza\/#respond"]}]},{"@type":"WebPage","@id":"https:\/\/lagatacongafas.com\/mentesentrelineas\/2025\/07\/24\/verguenza\/","url":"https:\/\/lagatacongafas.com\/mentesentrelineas\/2025\/07\/24\/verguenza\/","name":"Verg\u00fcenza - Mentes entre l\u00edneas","isPartOf":{"@id":"https:\/\/lagatacongafas.com\/mentesentrelineas\/#website"},"primaryImageOfPage":{"@id":"https:\/\/lagatacongafas.com\/mentesentrelineas\/2025\/07\/24\/verguenza\/#primaryimage"},"image":{"@id":"https:\/\/lagatacongafas.com\/mentesentrelineas\/2025\/07\/24\/verguenza\/#primaryimage"},"thumbnailUrl":"https:\/\/lagatacongafas.com\/mentesentrelineas\/wp-content\/uploads\/sites\/5\/2025\/07\/57899.jpg","datePublished":"2025-07-24T15:40:47+00:00","dateModified":"2025-07-25T16:08:53+00:00","author":{"@id":"https:\/\/lagatacongafas.com\/mentesentrelineas\/#\/schema\/person\/311d6fb9ef63e47a3a36224a60c47b99"},"breadcrumb":{"@id":"https:\/\/lagatacongafas.com\/mentesentrelineas\/2025\/07\/24\/verguenza\/#breadcrumb"},"inLanguage":"es","potentialAction":[{"@type":"ReadAction","target":["https:\/\/lagatacongafas.com\/mentesentrelineas\/2025\/07\/24\/verguenza\/"]}]},{"@type":"ImageObject","inLanguage":"es","@id":"https:\/\/lagatacongafas.com\/mentesentrelineas\/2025\/07\/24\/verguenza\/#primaryimage","url":"https:\/\/lagatacongafas.com\/mentesentrelineas\/wp-content\/uploads\/sites\/5\/2025\/07\/57899.jpg","contentUrl":"https:\/\/lagatacongafas.com\/mentesentrelineas\/wp-content\/uploads\/sites\/5\/2025\/07\/57899.jpg","width":1000,"height":667},{"@type":"BreadcrumbList","@id":"https:\/\/lagatacongafas.com\/mentesentrelineas\/2025\/07\/24\/verguenza\/#breadcrumb","itemListElement":[{"@type":"ListItem","position":1,"name":"Portada","item":"https:\/\/lagatacongafas.com\/mentesentrelineas\/"},{"@type":"ListItem","position":2,"name":"Verg\u00fcenza"}]},{"@type":"WebSite","@id":"https:\/\/lagatacongafas.com\/mentesentrelineas\/#website","url":"https:\/\/lagatacongafas.com\/mentesentrelineas\/","name":"Mentes entre l\u00edneas","description":"","potentialAction":[{"@type":"SearchAction","target":{"@type":"EntryPoint","urlTemplate":"https:\/\/lagatacongafas.com\/mentesentrelineas\/?s={search_term_string}"},"query-input":{"@type":"PropertyValueSpecification","valueRequired":true,"valueName":"search_term_string"}}],"inLanguage":"es"},{"@type":"Person","@id":"https:\/\/lagatacongafas.com\/mentesentrelineas\/#\/schema\/person\/311d6fb9ef63e47a3a36224a60c47b99","name":"La Gata","image":{"@type":"ImageObject","inLanguage":"es","@id":"https:\/\/secure.gravatar.com\/avatar\/e952ad62e08be1daabaefebd12d26c1e5fbfd687693aaa066db2433a21638ad8?s=96&d=mm&r=g","url":"https:\/\/secure.gravatar.com\/avatar\/e952ad62e08be1daabaefebd12d26c1e5fbfd687693aaa066db2433a21638ad8?s=96&d=mm&r=g","contentUrl":"https:\/\/secure.gravatar.com\/avatar\/e952ad62e08be1daabaefebd12d26c1e5fbfd687693aaa066db2433a21638ad8?s=96&d=mm&r=g","caption":"La Gata"},"sameAs":["http:\/\/lagatacongafas.com"],"url":"https:\/\/lagatacongafas.com\/mentesentrelineas\/author\/nuriapn\/"}]}},"_links":{"self":[{"href":"https:\/\/lagatacongafas.com\/mentesentrelineas\/wp-json\/wp\/v2\/posts\/141","targetHints":{"allow":["GET"]}}],"collection":[{"href":"https:\/\/lagatacongafas.com\/mentesentrelineas\/wp-json\/wp\/v2\/posts"}],"about":[{"href":"https:\/\/lagatacongafas.com\/mentesentrelineas\/wp-json\/wp\/v2\/types\/post"}],"author":[{"embeddable":true,"href":"https:\/\/lagatacongafas.com\/mentesentrelineas\/wp-json\/wp\/v2\/users\/1"}],"replies":[{"embeddable":true,"href":"https:\/\/lagatacongafas.com\/mentesentrelineas\/wp-json\/wp\/v2\/comments?post=141"}],"version-history":[{"count":1,"href":"https:\/\/lagatacongafas.com\/mentesentrelineas\/wp-json\/wp\/v2\/posts\/141\/revisions"}],"predecessor-version":[{"id":143,"href":"https:\/\/lagatacongafas.com\/mentesentrelineas\/wp-json\/wp\/v2\/posts\/141\/revisions\/143"}],"wp:featuredmedia":[{"embeddable":true,"href":"https:\/\/lagatacongafas.com\/mentesentrelineas\/wp-json\/wp\/v2\/media\/142"}],"wp:attachment":[{"href":"https:\/\/lagatacongafas.com\/mentesentrelineas\/wp-json\/wp\/v2\/media?parent=141"}],"wp:term":[{"taxonomy":"category","embeddable":true,"href":"https:\/\/lagatacongafas.com\/mentesentrelineas\/wp-json\/wp\/v2\/categories?post=141"},{"taxonomy":"post_tag","embeddable":true,"href":"https:\/\/lagatacongafas.com\/mentesentrelineas\/wp-json\/wp\/v2\/tags?post=141"}],"curies":[{"name":"wp","href":"https:\/\/api.w.org\/{rel}","templated":true}]}}